{"id":7066,"date":"2012-04-30T07:27:00","date_gmt":"2012-04-30T07:27:00","guid":{"rendered":"https:\/\/odf-syria.org\/?p=7066"},"modified":"2025-09-05T13:28:34","modified_gmt":"2025-09-05T13:28:34","slug":"ribal-al-assad-condemns-bomb-attacks-in-damascus-and-idlib","status":"publish","type":"post","link":"https:\/\/odf-syria.org\/de\/ribal-al-assad-condemns-bomb-attacks-in-damascus-and-idlib\/","title":{"rendered":"Ribal Al-Assad verurteilt Bombenanschl\u00e4ge in Damaskus und Idlib"},"content":{"rendered":"<p>Suicide bombs, booby-trapped cars and roadside explosions, including blasts in Idlib on Monday and the capital Damascus last week, have rocked Syria.<\/p>\n\n\n\n<p>A suicide bomber killed nine people and wounded 20 outside a central Damascus mosque last Friday.<\/p>\n\n\n\n<p>Explosions blew the fronts off buildings in the Syrian town of Idlib on Monday, with over nine people killed and 100 wounded.<\/p>\n\n\n\n<p>Source: Reuters<\/p>\n\n\n\n<p>Ribal Al-Assad, Direktor der ODFS, kommentierte die Angriffe mit den Worten:<\/p>\n\n\n\n<p>&#8220;I condemn these mindless terrorist attacks. I call on both sides in the Syrian conflict to halt the violence and move towards dialogue and a peaceful transition as that is the only way forward.&#8221;<\/p>","protected":false},"excerpt":{"rendered":"<p>Selbstmordanschl\u00e4ge, pr\u00e4parierte Autos und Sprengfallen am Stra\u00dfenrand, darunter Explosionen in Idlib am Montag und letzte Woche in der Hauptstadt Damaskus, haben Syrien ersch\u00fcttert. Ein Selbstmordattent\u00e4ter t\u00f6tete am vergangenen Freitag neun Menschen und verletzte 20 weitere vor einer Moschee im Zentrum von Damaskus. Explosionen rissen am Montag die Fassaden von Geb\u00e4uden in der syrischen Stadt Idlib ab, wobei \u00fcber neun [\u2026].<\/p>","protected":false},"author":1,"featured_media":4160,"comment_status":"closed","ping_status":"open","sticky":false,"template":"","format":"standard","meta":{"_acf_changed":false,"footnotes":""},"categories":[13],"tags":[],"class_list":["post-7066","post","type-post","status-publish","format-standard","has-post-thumbnail","hentry","category-press-releases"],"acf":[],"_links":{"self":[{"href":"https:\/\/odf-syria.org\/de\/wp-json\/wp\/v2\/posts\/7066","targetHints":{"allow":["GET"]}}],"collection":[{"href":"https:\/\/odf-syria.org\/de\/wp-json\/wp\/v2\/posts"}],"about":[{"href":"https:\/\/odf-syria.org\/de\/wp-json\/wp\/v2\/types\/post"}],"author":[{"embeddable":true,"href":"https:\/\/odf-syria.org\/de\/wp-json\/wp\/v2\/users\/1"}],"replies":[{"embeddable":true,"href":"https:\/\/odf-syria.org\/de\/wp-json\/wp\/v2\/comments?post=7066"}],"version-history":[{"count":1,"href":"https:\/\/odf-syria.org\/de\/wp-json\/wp\/v2\/posts\/7066\/revisions"}],"predecessor-version":[{"id":7070,"href":"https:\/\/odf-syria.org\/de\/wp-json\/wp\/v2\/posts\/7066\/revisions\/7070"}],"wp:featuredmedia":[{"embeddable":true,"href":"https:\/\/odf-syria.org\/de\/wp-json\/wp\/v2\/media\/4160"}],"wp:attachment":[{"href":"https:\/\/odf-syria.org\/de\/wp-json\/wp\/v2\/media?parent=7066"}],"wp:term":[{"taxonomy":"category","embeddable":true,"href":"https:\/\/odf-syria.org\/de\/wp-json\/wp\/v2\/categories?post=7066"},{"taxonomy":"post_tag","embeddable":true,"href":"https:\/\/odf-syria.org\/de\/wp-json\/wp\/v2\/tags?post=7066"}],"curies":[{"name":"wp","href":"https:\/\/api.w.org\/{rel}","templated":true}]}}