{"id":7114,"date":"2012-02-11T10:51:00","date_gmt":"2012-02-11T10:51:00","guid":{"rendered":"https:\/\/odf-syria.org\/?p=7114"},"modified":"2025-09-05T12:49:18","modified_gmt":"2025-09-05T12:49:18","slug":"ribal-al-assad-condemns-bomb-attacks-in-aleppo","status":"publish","type":"post","link":"https:\/\/odf-syria.org\/de\/ribal-al-assad-condemns-bomb-attacks-in-aleppo\/","title":{"rendered":"Ribal Al-Assad verurteilt Bombenanschl\u00e4ge in Aleppo"},"content":{"rendered":"<p>Bei zwei Autobombenanschl\u00e4gen auf Sicherheitskomplexe in Syriens zweitgr\u00f6\u00dfter Stadt Aleppo sind mindestens 28 Menschen get\u00f6tet und 235 verletzt worden.<\/p>\n\n\n\n<p>Ribal Al-Assad, Direktor der ODFS, kommentierte die Angriffe mit den Worten:<\/p>\n\n\n\n<p>\u201cIch verurteile diese entsetzlichen Terroranschl\u00e4ge. Es muss eine unabh\u00e4ngige Untersuchung dessen geben, was geschehen ist, und die T\u00e4ter m\u00fcssen vor Gericht gestellt werden. Ich fordere alle Seiten in Syrien auf, die Gewalt zu beenden und sich in Richtung Dialog und eines friedlichen \u00dcbergangs zu bewegen.\u201d<\/p>","protected":false},"excerpt":{"rendered":"<p>At least 28 people have been killed and 235 wounded in two car bombs targeting security compounds in Syria&#8217;s second city of Aleppo. Commenting on the attacks Ribal Al-Assad, Director of the ODFS, said: &#8220;I condemn these appalling terrorist attacks. There must be an independent investigation into what happened and the perpetrators must be brought [&hellip;]<\/p>","protected":false},"author":1,"featured_media":4164,"comment_status":"closed","ping_status":"open","sticky":false,"template":"","format":"standard","meta":{"_acf_changed":false,"footnotes":""},"categories":[13],"tags":[],"class_list":["post-7114","post","type-post","status-publish","format-standard","has-post-thumbnail","hentry","category-press-releases"],"acf":[],"_links":{"self":[{"href":"https:\/\/odf-syria.org\/de\/wp-json\/wp\/v2\/posts\/7114","targetHints":{"allow":["GET"]}}],"collection":[{"href":"https:\/\/odf-syria.org\/de\/wp-json\/wp\/v2\/posts"}],"about":[{"href":"https:\/\/odf-syria.org\/de\/wp-json\/wp\/v2\/types\/post"}],"author":[{"embeddable":true,"href":"https:\/\/odf-syria.org\/de\/wp-json\/wp\/v2\/users\/1"}],"replies":[{"embeddable":true,"href":"https:\/\/odf-syria.org\/de\/wp-json\/wp\/v2\/comments?post=7114"}],"version-history":[{"count":1,"href":"https:\/\/odf-syria.org\/de\/wp-json\/wp\/v2\/posts\/7114\/revisions"}],"predecessor-version":[{"id":7119,"href":"https:\/\/odf-syria.org\/de\/wp-json\/wp\/v2\/posts\/7114\/revisions\/7119"}],"wp:featuredmedia":[{"embeddable":true,"href":"https:\/\/odf-syria.org\/de\/wp-json\/wp\/v2\/media\/4164"}],"wp:attachment":[{"href":"https:\/\/odf-syria.org\/de\/wp-json\/wp\/v2\/media?parent=7114"}],"wp:term":[{"taxonomy":"category","embeddable":true,"href":"https:\/\/odf-syria.org\/de\/wp-json\/wp\/v2\/categories?post=7114"},{"taxonomy":"post_tag","embeddable":true,"href":"https:\/\/odf-syria.org\/de\/wp-json\/wp\/v2\/tags?post=7114"}],"curies":[{"name":"wp","href":"https:\/\/api.w.org\/{rel}","templated":true}]}}