{"id":6308,"date":"2014-10-01T17:27:00","date_gmt":"2014-10-01T17:27:00","guid":{"rendered":"https:\/\/odf-syria.org\/?p=6308"},"modified":"2025-09-05T11:52:55","modified_gmt":"2025-09-05T11:52:55","slug":"ribal-al-assad-condemns-barbaric-beheading-of-kurdish-men-and-women-in-syria","status":"publish","type":"post","link":"https:\/\/odf-syria.org\/es\/ribal-al-assad-condemns-barbaric-beheading-of-kurdish-men-and-women-in-syria\/","title":{"rendered":"Ribal Al-Assad condena la barb\u00e1rica decapitaci\u00f3n de hombres y mujeres kurdos en Siria"},"content":{"rendered":"<p><strong>Siria: ISIS decapita a soldados kurdas mientras la batalla por Kobani contin\u00faa<\/strong><\/p>\n\n\n\n<p>IBT<\/p>\n\n\n\n<p>Combatientes del Estado Isl\u00e1mico (tambi\u00e9n conocido como Isis) han decapitado a siete hombres y tres mujeres en una zona kurda de Siria al oeste de Kobani, donde se est\u00e1 librando una batalla clave entre las fuerzas kurdas y los yihadistas.<\/p>\n\n\n\n<p>El Observatorio Sirio para los Derechos Humanos, con sede en Londres, dijo que cinco combatientes kurdos, de los cuales tres eran mujeres, y cuatro rebeldes sirios \u00e1rabes murieron junto con un civil kurdo en una ciudad a 14 km al oeste de Kobani.<\/p>\n\n\n\n<p>El grupo de monitoreo dijo que no conoc\u00eda las razones detr\u00e1s de las decapitaciones, pero le dijo a Reuters que Isis \u201cquiere asustar a la gente\u201d.<\/p>\n\n\n\n<p>El desarrollo se produjo mientras las fuerzas de ISIS se acercan a Kobani, seg\u00fan Mustafa Denktas, miembro del consejo municipal de la ciudad fronteriza turca de Suruc. Dijo a Bloomberg News que los yihadistas est\u00e1n \u201ca dos o tres kil\u00f3metros de la punta sureste de Kobani\u201d.<\/p>\n\n\n\n<p>Aviones de guerra de la coalici\u00f3n liderada por Estados Unidos bombardearon posiciones de militantes cerca de la ciudad siria, tambi\u00e9n conocida como Ayn al-Arab. Los militantes sunitas lanzaron un ataque para tomar Kobani, que es predominantemente kurda, lo que provoc\u00f3 que miles de civiles huyeran de sus hogares hacia Turqu\u00eda.<\/p>\n\n\n\n<p>Respondiendo al nuevo Director de ODFS, Ribal Al-Assad dijo:<\/p>\n\n\n\n<p>\u201cMe repugnan los actos de estos islamistas, decapitar soldados cautivos es un crimen y los responsables deben rendir cuentas.<\/p>\n\n\n\n<p>Todos los d\u00edas escuchamos m\u00e1s informes de atrocidades abominables cometidas por extremistas isl\u00e1micos; la comunidad internacional debe unirse y poner fin a esto. \u00bfCu\u00e1ntas personas m\u00e1s tienen que ser sometidas a la violencia b\u00e1rbara y desenfrenada mostrada por estos animales antes de que se haga algo para detenerlos?.<\/p>\n\n\n\n<p>Condeno estos actos en los t\u00e9rminos m\u00e1s en\u00e9rgicos posibles.\u201d<\/p>","protected":false},"excerpt":{"rendered":"<p>Syria: Isis Beheads Kurdish Women Soldiers as Battle for Kobani Rages On IBT Militants of the Islamic State (also known as Isis) have beheaded seven men and three women in a Syrian Kurdish area west of Kobani, where a key battle between Kurdish forces and jihadists is being fought. The London-based Syrian Observatory for Human [&hellip;]<\/p>","protected":false},"author":1,"featured_media":1746,"comment_status":"closed","ping_status":"open","sticky":false,"template":"","format":"standard","meta":{"_acf_changed":false,"footnotes":""},"categories":[13],"tags":[],"class_list":["post-6308","post","type-post","status-publish","format-standard","has-post-thumbnail","hentry","category-press-releases"],"acf":[],"_links":{"self":[{"href":"https:\/\/odf-syria.org\/es\/wp-json\/wp\/v2\/posts\/6308","targetHints":{"allow":["GET"]}}],"collection":[{"href":"https:\/\/odf-syria.org\/es\/wp-json\/wp\/v2\/posts"}],"about":[{"href":"https:\/\/odf-syria.org\/es\/wp-json\/wp\/v2\/types\/post"}],"author":[{"embeddable":true,"href":"https:\/\/odf-syria.org\/es\/wp-json\/wp\/v2\/users\/1"}],"replies":[{"embeddable":true,"href":"https:\/\/odf-syria.org\/es\/wp-json\/wp\/v2\/comments?post=6308"}],"version-history":[{"count":1,"href":"https:\/\/odf-syria.org\/es\/wp-json\/wp\/v2\/posts\/6308\/revisions"}],"predecessor-version":[{"id":6311,"href":"https:\/\/odf-syria.org\/es\/wp-json\/wp\/v2\/posts\/6308\/revisions\/6311"}],"wp:featuredmedia":[{"embeddable":true,"href":"https:\/\/odf-syria.org\/es\/wp-json\/wp\/v2\/media\/1746"}],"wp:attachment":[{"href":"https:\/\/odf-syria.org\/es\/wp-json\/wp\/v2\/media?parent=6308"}],"wp:term":[{"taxonomy":"category","embeddable":true,"href":"https:\/\/odf-syria.org\/es\/wp-json\/wp\/v2\/categories?post=6308"},{"taxonomy":"post_tag","embeddable":true,"href":"https:\/\/odf-syria.org\/es\/wp-json\/wp\/v2\/tags?post=6308"}],"curies":[{"name":"wp","href":"https:\/\/api.w.org\/{rel}","templated":true}]}}