{"id":6737,"date":"2013-05-28T17:54:00","date_gmt":"2013-05-28T17:54:00","guid":{"rendered":"https:\/\/odf-syria.org\/?p=6737"},"modified":"2025-09-05T14:47:01","modified_gmt":"2025-09-05T14:47:01","slug":"odfs-director-condemns-decision-to-lift-eu-arms-embargo-on-syria","status":"publish","type":"post","link":"https:\/\/odf-syria.org\/es\/odfs-director-condemns-decision-to-lift-eu-arms-embargo-on-syria\/","title":{"rendered":"El Director de la Organizaci\u00f3n para la Defensa de los Derechos Humanos y la Solidaridad Condena la Decisi\u00f3n de Levantar el Embargo de Armas de la UE a Siria"},"content":{"rendered":"<p>El Director de ODFS, Ribal Al-Assad, ha expresado su profunda preocupaci\u00f3n por el levantamiento propuesto del embargo de armas de la UE a Siria. Comentando la situaci\u00f3n, Ribal dijo:<\/p>\n\n\n\n<p>Me preocupa mucho saber que la UE vaya a levantar su actual embargo de armas contra Siria; esto solo servir\u00e1 para militarizar a\u00fan m\u00e1s el conflicto. Todas las partes deber\u00edan trabajar hacia una soluci\u00f3n pac\u00edfica a trav\u00e9s del di\u00e1logo, no al derramamiento de sangre.<\/p>\n\n\n\n<p>Es evidente que la mayor\u00eda de los rebeldes provienen de facciones islamistas y es asombroso que los miembros de la UE se contenten con armar a estas personas. Esto no solo servir\u00e1 para escalar el conflicto en Siria, sino que mi preocupaci\u00f3n es una inestabilidad generalizada en la regi\u00f3n en general: esta acci\u00f3n sin duda iniciar\u00e1 una carrera armamentista entre el r\u00e9gimen y los rebeldes, \u00bfqui\u00e9n sabe a d\u00f3nde conducir\u00e1 eso?<\/p>\n\n\n\n<p>Reflexionemos tambi\u00e9n sobre c\u00f3mo esta decisi\u00f3n podr\u00eda afectar a Europa, ya que el Ministerio del Interior del Reino Unido acaba de advertir que cientos de ciudadanos brit\u00e1nicos y otros europeos luchan actualmente junto a grupos vinculados a Al Qaeda en Siria. \u00bfQu\u00e9 suceder\u00e1 cuando estos individuos regresen a sus pa\u00edses de origen? Temo que podamos ver un aumento de los atentados terroristas solitarios, como los que se presenciaron de manera tan horrible la semana pasada en Woolwich.<\/p>\n\n\n\n<p>Sostengo que la \u00fanica forma de avanzar en Siria es buscar una soluci\u00f3n pol\u00edtica pac\u00edfica al conflicto y estoy totalmente de acuerdo con los sentimientos de Michael Spindelegger, Ministro de Asuntos Exteriores de Austria, quien dijo:<\/p>\n\n\n\n<p>\u201cAcabamos de recibir el Premio Nobel de la Paz y ahora ir en la direcci\u00f3n de involucrarnos intencionalmente en un conflicto con el env\u00edo de armas, creo que est\u00e1 mal\u201d<\/p>\n\n\n\n<p>Pido a los estados miembros de la UE que reconsideren esta decisi\u00f3n y mantengan el embargo de armas actual. Esta es una decisi\u00f3n completamente irresponsable y estoy muy preocupado por el camino que tomar\u00e1.\u201d<\/p>","protected":false},"excerpt":{"rendered":"<p>ODFS Director, Ribal Al-Assad, has expressed deep concern at the proposed lifting of the EU arms embargo on Syria. Commenting on the situation Ribal said: I am very concerned to hear that the EU is to lift its current arms embargo on Syria \u2013 this will only serve to further militarise the conflict. All sides [&hellip;]<\/p>","protected":false},"author":1,"featured_media":3145,"comment_status":"closed","ping_status":"open","sticky":false,"template":"","format":"standard","meta":{"_acf_changed":false,"footnotes":""},"categories":[13],"tags":[],"class_list":["post-6737","post","type-post","status-publish","format-standard","has-post-thumbnail","hentry","category-press-releases"],"acf":[],"_links":{"self":[{"href":"https:\/\/odf-syria.org\/es\/wp-json\/wp\/v2\/posts\/6737","targetHints":{"allow":["GET"]}}],"collection":[{"href":"https:\/\/odf-syria.org\/es\/wp-json\/wp\/v2\/posts"}],"about":[{"href":"https:\/\/odf-syria.org\/es\/wp-json\/wp\/v2\/types\/post"}],"author":[{"embeddable":true,"href":"https:\/\/odf-syria.org\/es\/wp-json\/wp\/v2\/users\/1"}],"replies":[{"embeddable":true,"href":"https:\/\/odf-syria.org\/es\/wp-json\/wp\/v2\/comments?post=6737"}],"version-history":[{"count":1,"href":"https:\/\/odf-syria.org\/es\/wp-json\/wp\/v2\/posts\/6737\/revisions"}],"predecessor-version":[{"id":6754,"href":"https:\/\/odf-syria.org\/es\/wp-json\/wp\/v2\/posts\/6737\/revisions\/6754"}],"wp:featuredmedia":[{"embeddable":true,"href":"https:\/\/odf-syria.org\/es\/wp-json\/wp\/v2\/media\/3145"}],"wp:attachment":[{"href":"https:\/\/odf-syria.org\/es\/wp-json\/wp\/v2\/media?parent=6737"}],"wp:term":[{"taxonomy":"category","embeddable":true,"href":"https:\/\/odf-syria.org\/es\/wp-json\/wp\/v2\/categories?post=6737"},{"taxonomy":"post_tag","embeddable":true,"href":"https:\/\/odf-syria.org\/es\/wp-json\/wp\/v2\/tags?post=6737"}],"curies":[{"name":"wp","href":"https:\/\/api.w.org\/{rel}","templated":true}]}}