{"id":6335,"date":"2014-07-29T08:22:00","date_gmt":"2014-07-29T08:22:00","guid":{"rendered":"https:\/\/odf-syria.org\/?p=6335"},"modified":"2025-09-05T12:02:41","modified_gmt":"2025-09-05T12:02:41","slug":"ribal-al-assad-welcomes-arrest-warrant-for-australian-rebels-in-syria","status":"publish","type":"post","link":"https:\/\/odf-syria.org\/fr\/ribal-al-assad-welcomes-arrest-warrant-for-australian-rebels-in-syria\/","title":{"rendered":"Ribal Al-Assad se f\u00e9licite du mandat d'arr\u00eat contre les rebelles australiens en Syrie"},"content":{"rendered":"<p><strong>Mandats d'arr\u00eat d\u00e9livr\u00e9s pour des Australiens soup\u00e7onn\u00e9s de combattre en Syrie<\/strong><\/p>\n\n\n\n<p>L'Australie a \u00e9mis des mandats d'arr\u00eat contre deux citoyens australiens soup\u00e7onn\u00e9s de combattre en Syrie, a rapport\u00e9 mardi l'ABC, apr\u00e8s que des images aient \u00e9merg\u00e9 de l'un d'eux tenant des t\u00eates coup\u00e9es.<\/p>\n\n\n\n<p>Le chef de la police f\u00e9d\u00e9rale australienne charg\u00e9 de la lutte contre le terrorisme, Neil Gaughan, a d\u00e9clar\u00e9 \u00e0 l'ABC que des mandats d'arr\u00eat avaient \u00e9t\u00e9 d\u00e9livr\u00e9s contre les Australiens Khaled Sharrouf et Mohamed Elomar pour des infractions terroristes.<\/p>\n\n\n\n<p>Un compte Twitter li\u00e9 \u00e0 une branche d'Al-Qa\u00efda, l'\u00c9tat islamique, a publi\u00e9 la semaine derni\u00e8re des photos macabres des corps d\u00e9capit\u00e9s et des t\u00eates de cinq soldats tu\u00e9s dans la province syrienne de Raqqa, affirmant que les soldats appartenaient \u00e0 la 17e division syrienne.<\/p>\n\n\n\n<p>Sharrouf et Elomar se sont rendus en Syrie et en Irak \u00e0 la fin de l'ann\u00e9e derni\u00e8re, selon l'ABC, et en fin de semaine derni\u00e8re, un compte Twitter cens\u00e9 appartenir \u00e0 Sharrouf a montr\u00e9 des photos d'Elomar manipulant des t\u00eates coup\u00e9es.<\/p>\n\n\n\n<p>\u201c D\u00e8s qu'ils auront pos\u00e9 le pied sur le sol australien, ils seront plac\u00e9s en garde \u00e0 vue \u201d, a d\u00e9clar\u00e9 Gaughan.<\/p>\n\n\n\n<p>Le gouvernement australien a tir\u00e9 la sonnette d'alarme quant au nombre de ses citoyens qui combattraient aux c\u00f4t\u00e9s d'insurg\u00e9s \u00e0 l'\u00e9tranger, y compris un kamikaze australien qui a tu\u00e9 trois personnes \u00e0 Bagdad ce mois-ci.<\/p>\n\n\n\n<p>Cela a ajout\u00e9 aux inqui\u00e9tudes concernant des combattants radicalis\u00e9s lan\u00e7ant des attaques \u00e0 leur retour au pays, une menace que le gouvernement a utilis\u00e9e pour justifier un ensemble de nouvelles lois sur le renseignement.<\/p>\n\n\n\n<p>Le procureur g\u00e9n\u00e9ral, George Brandis, a d\u00e9clar\u00e9 \u00e0 l'ABC que des preuves concr\u00e8tes \u00e9taient apparues pour \u00e9tayer ces pr\u00e9occupations.<\/p>\n\n\n\n<p>\u201c Il y a des preuves qu'ils sont form\u00e9s aux techniques terroristes pour commettre des actes de terrorisme int\u00e9rieur s'ils retournent dans leur pays d'origine ou s'ils partent ailleurs apr\u00e8s avoir \u00e9t\u00e9 dans une zone de conflit \u201d, a d\u00e9clar\u00e9 Brandis \u00e0 7.30. \u201c C'est donc une \u00e9volution nouvelle et tr\u00e8s alarmante. \u201d<\/p>\n\n\n\n<p>Accueillant la nouvelle, le directeur de l'ODFS, Ribal Al-Assad, a d\u00e9clar\u00e9 :<\/p>\n\n\n\n<p>\u201cJe me r\u00e9jouis vivement de cette annonce du gouvernement australien et j\u2019appelle toutes les autres nations \u00e0 suivre son exemple.<\/p>\n\n\n\n<p>Tous ceux qui commettent des atrocit\u00e9s en Syrie doivent \u00eatre traduits en justice pour leurs crimes et tous ceux qui se sont rendus en Syrie doivent r\u00e9pondre de leurs actes.<\/p>\n\n\n\n<p>En outre, comme je l'ai dit \u00e0 maintes reprises, la communaut\u00e9 internationale doit faire tout ce qui est possible pour emp\u00eacher les ressortissants \u00e9trangers d'entrer en Syrie en premier lieu.<\/p>\n\n\n\n<p>La seule fa\u00e7on de r\u00e9soudre le conflit est de mettre un terme aux combats et d'adopter une approche ax\u00e9e sur le dialogue avec tous ceux qui croient sinc\u00e8rement en la libert\u00e9 et la d\u00e9mocratie.<\/p>\n\n\n\n<p>Cela ne peut pas arriver tant que des combattants \u00e9trangers continuent d'affluer dans le pays, perp\u00e9tuant la violence \u2013 des mesures plus robustes doivent \u00eatre prises.\u201d<\/p>","protected":false},"excerpt":{"rendered":"<p>Arrest warrants issued for Australians suspected of fighting in Syria Australia has issued arrest warrants for a pair of Australian citizens believed to be fighting in Syria, the ABC reported on Tuesday, after images emerged of one of them holding severed heads. Australian federal police counter-terrorism chief Neil Gaughan told the ABC warrants had been [&hellip;]<\/p>","protected":false},"author":1,"featured_media":1903,"comment_status":"closed","ping_status":"open","sticky":false,"template":"","format":"standard","meta":{"_acf_changed":false,"footnotes":""},"categories":[13],"tags":[],"class_list":["post-6335","post","type-post","status-publish","format-standard","has-post-thumbnail","hentry","category-press-releases"],"acf":[],"_links":{"self":[{"href":"https:\/\/odf-syria.org\/fr\/wp-json\/wp\/v2\/posts\/6335","targetHints":{"allow":["GET"]}}],"collection":[{"href":"https:\/\/odf-syria.org\/fr\/wp-json\/wp\/v2\/posts"}],"about":[{"href":"https:\/\/odf-syria.org\/fr\/wp-json\/wp\/v2\/types\/post"}],"author":[{"embeddable":true,"href":"https:\/\/odf-syria.org\/fr\/wp-json\/wp\/v2\/users\/1"}],"replies":[{"embeddable":true,"href":"https:\/\/odf-syria.org\/fr\/wp-json\/wp\/v2\/comments?post=6335"}],"version-history":[{"count":1,"href":"https:\/\/odf-syria.org\/fr\/wp-json\/wp\/v2\/posts\/6335\/revisions"}],"predecessor-version":[{"id":6344,"href":"https:\/\/odf-syria.org\/fr\/wp-json\/wp\/v2\/posts\/6335\/revisions\/6344"}],"wp:featuredmedia":[{"embeddable":true,"href":"https:\/\/odf-syria.org\/fr\/wp-json\/wp\/v2\/media\/1903"}],"wp:attachment":[{"href":"https:\/\/odf-syria.org\/fr\/wp-json\/wp\/v2\/media?parent=6335"}],"wp:term":[{"taxonomy":"category","embeddable":true,"href":"https:\/\/odf-syria.org\/fr\/wp-json\/wp\/v2\/categories?post=6335"},{"taxonomy":"post_tag","embeddable":true,"href":"https:\/\/odf-syria.org\/fr\/wp-json\/wp\/v2\/tags?post=6335"}],"curies":[{"name":"wp","href":"https:\/\/api.w.org\/{rel}","templated":true}]}}