{"id":6337,"date":"2014-08-06T08:23:00","date_gmt":"2014-08-06T08:23:00","guid":{"rendered":"https:\/\/odf-syria.org\/?p=6337"},"modified":"2025-09-05T12:02:03","modified_gmt":"2025-09-05T12:02:03","slug":"ribal-al-assad-condemns-brutal-acts-of-isis-rebels-in-syria","status":"publish","type":"post","link":"https:\/\/odf-syria.org\/fr\/ribal-al-assad-condemns-brutal-acts-of-isis-rebels-in-syria\/","title":{"rendered":"Ribal Al-Assad condamne les actes brutaux des rebelles de l'EI en Syrie"},"content":{"rendered":"<p><strong>Syrie : des militants placent des t\u00eates de victimes sur des poteaux<\/strong><\/p>\n\n\n\n<p>CNN<\/p>\n\n\n\n<p>Dans certaines des images les plus macabres \u00e0 \u00e9merger de la derni\u00e8re violence de masse en Syrie, des vid\u00e9os montrent des militants brandissant les t\u00eates coup\u00e9es de leurs victimes sur des poteaux.<\/p>\n\n\n\n<p>Les vid\u00e9os amateurs ont \u00e9merg\u00e9 alors qu'une organisation syrienne de d\u00e9fense des droits de l'homme a signal\u00e9 1 600 d\u00e9c\u00e8s en seulement 10 jours ce mois-ci.<\/p>\n\n\n\n<p>Les derni\u00e8res images proviennent d'une zone contr\u00f4l\u00e9e par le groupe terroriste militant, l'\u00c9tat islamique, qui a r\u00e9cemment chang\u00e9 son nom de l'\u00c9tat islamique en Irak et en Syrie, ou EI. Le groupe est connu pour tuer des dizaines de personnes \u00e0 la fois et en d\u00e9capiter certaines.<\/p>\n\n\n\n<p>Au moins trois vid\u00e9os publi\u00e9es sur YouTube par diff\u00e9rentes personnes montrent la sc\u00e8ne macabre \u00e0 un rond-point de la ville de Raqqa, o\u00f9 des militants de l'\u00c9tat islamique ont proc\u00e9d\u00e9 \u00e0 des ex\u00e9cutions publiques, des crucifixions et d'autres actes d\u00e9cid\u00e9s par leur tribunal de la charia, ou loi islamique.<\/p>\n\n\n\n<p>Un narrateur dans l'une des vid\u00e9os dit que les corps sont ceux de soldats syriens tu\u00e9s par des combattants de l'\u00c9tat islamique.<\/p>\n\n\n\n<p>Les vid\u00e9os ont fait surface en ligne en m\u00eame temps que des nouvelles selon lesquelles l'\u00c9tat islamique avait pris le contr\u00f4le du quartier g\u00e9n\u00e9ral de la 17e division de l'arm\u00e9e syrienne, consid\u00e9r\u00e9e comme le dernier bastion militaire du r\u00e9gime syrien \u00e0 Raqqa.<\/p>\n\n\n\n<p>L\u2019Observatoire syrien des droits de l\u2019homme, qui a comptabilis\u00e9 les victimes de la guerre civile dans le pays, a signal\u00e9 la prise de la base militaire par l\u2019\u00c9tat islamique fin mai.<\/p>\n\n\n\n<p>Bien que les combats entre Isra\u00ebl et les militants du Hamas \u00e0 Gaza aient retenu beaucoup plus l'attention ces derniers jours, le bilan des morts en Syrie a \u00e9t\u00e9 plus \u00e9lev\u00e9.<\/p>\n\n\n\n<p>Entre le 16 et le 25 juillet, 1 600 personnes ont \u00e9t\u00e9 tu\u00e9es, a indiqu\u00e9 l'observatoire.<\/p>\n\n\n\n<p>Et le carnage s'est poursuivi \u00e0 ce rythme. Dimanche, 180 personnes ont \u00e9t\u00e9 tu\u00e9es, a indiqu\u00e9 le groupe.<\/p>\n\n\n\n<p>L'Observatoire d\u00e9nombre plus de 115 000 morts depuis le d\u00e9but du soul\u00e8vement contre le r\u00e9gime du pr\u00e9sident syrien Bachar al-Assad en mars 2011.<\/p>\n\n\n\n<p>Commentant cette nouvelle, Ribal Al-Assad, directeur de l'ODFS, a d\u00e9clar\u00e9 :<\/p>\n\n\n\n<p>\u201cJe suis constern\u00e9 et d\u00e9go\u00fbt\u00e9 par ces rapports, ce sont des actes abominables commis par des personnes qui n'ont aucune notion d'humanit\u00e9.<\/p>\n\n\n\n<p>La brutalit\u00e9 dont ont fait preuve ces rebelles islamistes est v\u00e9ritablement barbare. N'oublions jamais ce comportement et traduisons en justice tous les responsables de ces atrocit\u00e9s.<\/p>\n\n\n\n<p>Ces actes servent \u00e9galement \u00e0 rappeler le besoin urgent de mettre fin \u00e0 ce conflit ; la communaut\u00e9 internationale doit faire tout son possible pour soutenir une solution de dialogue \u00e0 ce conflit avec toutes les parties qui croient sinc\u00e8rement en la d\u00e9mocratie et sont pr\u00eates \u00e0 s'y engager \u2013 ce n'est qu'ainsi que nous parviendrons \u00e0 une paix durable et v\u00e9ritable en Syrie, lib\u00e9r\u00e9e du mal de l'extr\u00e9misme islamique.\u201d<\/p>","protected":false},"excerpt":{"rendered":"<p>Syria: Militants put victims&#8217; heads on poles CNN In some of the most gruesome images yet to emerge from the latest mass violence in Syria, videos show militants raising their victims&#8217; severed heads on poles. The amateur videos emerged as a Syrian human rights group reported 1,600 deaths in just 10 days this month. The [&hellip;]<\/p>","protected":false},"author":1,"featured_media":1990,"comment_status":"closed","ping_status":"open","sticky":false,"template":"","format":"standard","meta":{"_acf_changed":false,"footnotes":""},"categories":[13],"tags":[],"class_list":["post-6337","post","type-post","status-publish","format-standard","has-post-thumbnail","hentry","category-press-releases"],"acf":[],"_links":{"self":[{"href":"https:\/\/odf-syria.org\/fr\/wp-json\/wp\/v2\/posts\/6337","targetHints":{"allow":["GET"]}}],"collection":[{"href":"https:\/\/odf-syria.org\/fr\/wp-json\/wp\/v2\/posts"}],"about":[{"href":"https:\/\/odf-syria.org\/fr\/wp-json\/wp\/v2\/types\/post"}],"author":[{"embeddable":true,"href":"https:\/\/odf-syria.org\/fr\/wp-json\/wp\/v2\/users\/1"}],"replies":[{"embeddable":true,"href":"https:\/\/odf-syria.org\/fr\/wp-json\/wp\/v2\/comments?post=6337"}],"version-history":[{"count":1,"href":"https:\/\/odf-syria.org\/fr\/wp-json\/wp\/v2\/posts\/6337\/revisions"}],"predecessor-version":[{"id":6342,"href":"https:\/\/odf-syria.org\/fr\/wp-json\/wp\/v2\/posts\/6337\/revisions\/6342"}],"wp:featuredmedia":[{"embeddable":true,"href":"https:\/\/odf-syria.org\/fr\/wp-json\/wp\/v2\/media\/1990"}],"wp:attachment":[{"href":"https:\/\/odf-syria.org\/fr\/wp-json\/wp\/v2\/media?parent=6337"}],"wp:term":[{"taxonomy":"category","embeddable":true,"href":"https:\/\/odf-syria.org\/fr\/wp-json\/wp\/v2\/categories?post=6337"},{"taxonomy":"post_tag","embeddable":true,"href":"https:\/\/odf-syria.org\/fr\/wp-json\/wp\/v2\/tags?post=6337"}],"curies":[{"name":"wp","href":"https:\/\/api.w.org\/{rel}","templated":true}]}}