{"id":6608,"date":"2013-08-15T15:10:00","date_gmt":"2013-08-15T15:10:00","guid":{"rendered":"https:\/\/odf-syria.org\/?p=6608"},"modified":"2025-09-05T14:15:46","modified_gmt":"2025-09-05T14:15:46","slug":"jesuit-priest-paolo-dalloglio-murdered-by-al-qaeda-linked-rebels-in-syria","status":"publish","type":"post","link":"https:\/\/odf-syria.org\/fr\/jesuit-priest-paolo-dalloglio-murdered-by-al-qaeda-linked-rebels-in-syria\/","title":{"rendered":"Le pr\u00eatre j\u00e9suite Paolo Dall'Oglio assassin\u00e9 par des rebelles li\u00e9s \u00e0 Al-Qa\u00efda en Syrie"},"content":{"rendered":"<p>Des rebelles li\u00e9s \u00e0 Al-Qa\u00efda en Syrie ont tu\u00e9 un pr\u00eatre j\u00e9suite italien qui avait disparu dans l'est du pays fin du mois dernier, a rapport\u00e9 l'Observatoire syrien des droits de l'homme.<\/p>\n\n\n\n<p>Paolo Dall'Oglio, un fervent partisan du soul\u00e8vement contre le pr\u00e9sident syrien Bachar al-Assad et certains groupes rebelles islamistes, a disparu dans la ville de Raqqa, contr\u00f4l\u00e9e par les rebelles, le 29 juillet.<\/p>\n\n\n\n<p>Il avait servi pendant trois d\u00e9cennies au monast\u00e8re de Saint-Mo\u00efse l'Abyssin, ou Deir Mar Moussa, avant d'\u00eatre expuls\u00e9 du pays en 2012. Depuis, il \u00e9tait retourn\u00e9 en Syrie au moins deux fois.<\/p>\n\n\n\n<p>Le groupe de surveillance bas\u00e9 en Grande-Bretagne a cit\u00e9 des militants locaux de la ville de Raqqa ayant des liens \u00e9troits avec Dall'Oglio, affirmant qu'il avait \u00e9t\u00e9 tu\u00e9 alors qu'il \u00e9tait d\u00e9tenu par des combattants de l'\u00c9tat islamique en Irak et au Levant (EIIL).<\/p>\n\n\n\n<p>Il n'a pas \u00e9t\u00e9 possible de confirmer imm\u00e9diatement le rapport.<\/p>\n\n\n\n<p>L'Observatoire a exhort\u00e9 toutes les forces de l'opposition syrienne \u00e0 faire pression sur les combattants de l'EIIL pour qu'ils r\u00e9v\u00e8lent exactement ce qui est arriv\u00e9 \u00e0 Dall'Oglio, \u201cafin que ses assassins puissent \u00eatre tenus responsables, et pour qu'ils rendent son corps pour l'enterrement\u201d.<\/p>\n\n\n\n<p>Les militants ont d'abord dit qu'il avait \u00e9t\u00e9 enlev\u00e9 par des combattants de l'EI, bien que certains aient ensuite d\u00e9clar\u00e9 qu'il avait rencontr\u00e9 des combattants li\u00e9s \u00e0 Al-Qa\u00efda pour convenir d'une tr\u00eave avec des brigades kurdes.<\/p>\n\n\n\n<p>Paolo Dall'Oglio Disparu : Le J\u00e9suite Italien A \u00c9t\u00e9 Tu\u00e9 En Syrie Selon Un Groupe De D\u00e9fense Des Droits Humains<\/p>\n\n\n\n<p>Reuters<\/p>\n\n\n\n<p>14 AO\u00dbT 2013<\/p>\n\n\n\n<p>En r\u00e9ponse \u00e0 cette nouvelle, le directeur de l'ODFS, Ribal Al-Assad, a d\u00e9clar\u00e9 :<\/p>\n\n\n\n<p>\u201c Le meurtre du P\u00e8re Dall\u2019Oglio illustre tout ce qui ne va pas dans ce conflit, il a \u00e9t\u00e9 enlev\u00e9 et assassin\u00e9 en raison de sa foi et parce qu\u2019il parlait au nom de la libert\u00e9.<\/p>\n\n\n\n<p>Le p\u00e8re Dall\u2019Oglio a consacr\u00e9 une grande partie de sa vie \u00e0 aider la Syrie et son peuple ; il faisait partie de la tapisserie plurielle qui fait de la Syrie une magnifique nation mosa\u00efque. Nous ne devons pas laisser sa mort \u00eatre vaine ; nous devons tous nous unir maintenant et appeler \u00e0 une Syrie libre et d\u00e9mocratique o\u00f9 toutes les religions, croyances et cultures vivent en harmonie.<\/p>\n\n\n\n<p>Nous ne pouvons pas laisser l'extr\u00e9misme et le terrorisme gagner, ce n'est tout simplement pas une option. Mes pri\u00e8res accompagnent la famille du P\u00e8re Dall'Oglio en ce moment.\u201d<\/p>","protected":false},"excerpt":{"rendered":"<p>Al-Qaeda-linked rebels in Syria have killed an Italian Jesuit priest who disappeared in the east of the country late last month, the Syrian Observatory for Human Rights said. Paolo Dall&#8217;Oglio, a vocal supporter of the uprising against Syrian President Bashar al-Assad and some Islamist rebel groups, disappeared in the rebel-held city of Raqqa on July [&hellip;]<\/p>","protected":false},"author":1,"featured_media":2719,"comment_status":"closed","ping_status":"open","sticky":false,"template":"","format":"standard","meta":{"_acf_changed":false,"footnotes":""},"categories":[13],"tags":[],"class_list":["post-6608","post","type-post","status-publish","format-standard","has-post-thumbnail","hentry","category-press-releases"],"acf":[],"_links":{"self":[{"href":"https:\/\/odf-syria.org\/fr\/wp-json\/wp\/v2\/posts\/6608","targetHints":{"allow":["GET"]}}],"collection":[{"href":"https:\/\/odf-syria.org\/fr\/wp-json\/wp\/v2\/posts"}],"about":[{"href":"https:\/\/odf-syria.org\/fr\/wp-json\/wp\/v2\/types\/post"}],"author":[{"embeddable":true,"href":"https:\/\/odf-syria.org\/fr\/wp-json\/wp\/v2\/users\/1"}],"replies":[{"embeddable":true,"href":"https:\/\/odf-syria.org\/fr\/wp-json\/wp\/v2\/comments?post=6608"}],"version-history":[{"count":1,"href":"https:\/\/odf-syria.org\/fr\/wp-json\/wp\/v2\/posts\/6608\/revisions"}],"predecessor-version":[{"id":6646,"href":"https:\/\/odf-syria.org\/fr\/wp-json\/wp\/v2\/posts\/6608\/revisions\/6646"}],"wp:featuredmedia":[{"embeddable":true,"href":"https:\/\/odf-syria.org\/fr\/wp-json\/wp\/v2\/media\/2719"}],"wp:attachment":[{"href":"https:\/\/odf-syria.org\/fr\/wp-json\/wp\/v2\/media?parent=6608"}],"wp:term":[{"taxonomy":"category","embeddable":true,"href":"https:\/\/odf-syria.org\/fr\/wp-json\/wp\/v2\/categories?post=6608"},{"taxonomy":"post_tag","embeddable":true,"href":"https:\/\/odf-syria.org\/fr\/wp-json\/wp\/v2\/tags?post=6608"}],"curies":[{"name":"wp","href":"https:\/\/api.w.org\/{rel}","templated":true}]}}