{"id":6308,"date":"2014-10-01T17:27:00","date_gmt":"2014-10-01T17:27:00","guid":{"rendered":"https:\/\/odf-syria.org\/?p=6308"},"modified":"2025-09-05T11:52:55","modified_gmt":"2025-09-05T11:52:55","slug":"ribal-al-assad-condemns-barbaric-beheading-of-kurdish-men-and-women-in-syria","status":"publish","type":"post","link":"https:\/\/odf-syria.org\/tr\/ribal-al-assad-condemns-barbaric-beheading-of-kurdish-men-and-women-in-syria\/","title":{"rendered":"Ribal Al-Assad, Suriye'deki K\u00fcrt erkek ve kad\u0131nlar\u0131n barbarca kafa kesme eylemini k\u0131n\u0131yor."},"content":{"rendered":"<p><strong>Suriye: Kobani Sava\u015f\u0131 K\u0131z\u0131\u015f\u0131rken I\u015e\u0130D K\u00fcrt Kad\u0131n Askerleri Vah\u015fice \u00d6ld\u00fcrd\u00fc<\/strong><\/p>\n\n\n\n<p>IBT<\/p>\n\n\n\n<p>\u0130slam Devleti (I\u015e\u0130D olarak da bilinir) militanlar\u0131, Kobani'nin bat\u0131s\u0131ndaki Suriye'nin K\u00fcrt b\u00f6lgesinde, K\u00fcrt g\u00fc\u00e7leri ve cihat\u00e7\u0131lar aras\u0131nda kritik bir sava\u015f\u0131n s\u00fcrd\u00fc\u011f\u00fc yerde yedi erkek ve \u00fc\u00e7 kad\u0131n\u0131n kafas\u0131n\u0131 kesti.<\/p>\n\n\n\n<p>Londra merkezli Suriye \u0130nsan Haklar\u0131 G\u00f6zlemevi, Kobani'nin 14 km bat\u0131s\u0131ndaki bir kasabada, \u00fc\u00e7\u00fc kad\u0131n be\u015f K\u00fcrt sava\u015f\u00e7\u0131 ve d\u00f6rt Suriyeli Arap isyanc\u0131n\u0131n yan\u0131 s\u0131ra bir K\u00fcrt erkek sivilin \u00f6ld\u00fcr\u00fcld\u00fc\u011f\u00fcn\u00fc bildirdi.<\/p>\n\n\n\n<p>\u0130zleme grubu, ba\u015f kesmelerin ard\u0131ndaki nedenleri bilmedi\u011fini ancak Reuters'a I\u015e\u0130D'in \u201cinsanlar\u0131 korkutmak istedi\u011fini\u201d s\u00f6yledi\u011fini belirtti.<\/p>\n\n\n\n<p>\u0130sis g\u00fc\u00e7lerinin Kobani'ye yakla\u015fmas\u0131yla bu geli\u015fme ya\u015fand\u0131. Suru\u00e7 belediye meclisi \u00fcyesi Mustafa Denkta\u015f'\u0131n Bloomberg News'a verdi\u011fi deme\u00e7te cihat\u00e7\u0131lar\u0131n \u201cKobani'nin g\u00fcneydo\u011fu ucuna iki ila \u00fc\u00e7 kilometre uzakl\u0131kta\u201d oldu\u011funu belirtti.<\/p>\n\n\n\n<p>ABD liderli\u011findeki koalisyon sava\u015f u\u00e7aklar\u0131, Ayn el-Arab olarak da bilinen Suriye kasabas\u0131 yak\u0131nlar\u0131ndaki militan mevzilerini bombalad\u0131. S\u00fcnni militanlar, a\u011f\u0131rl\u0131kl\u0131 olarak K\u00fcrtlerin ya\u015fad\u0131\u011f\u0131 Kobani'yi ele ge\u00e7irmek i\u00e7in bir sald\u0131r\u0131 ba\u015flatt\u0131, bu da binlerce sivilin evlerini terk ederek T\u00fcrkiye'ye ka\u00e7mas\u0131na neden oldu.<\/p>\n\n\n\n<p>Yeni ODFS Direkt\u00f6r\u00fc Ribal Al-Assad yan\u0131t olarak \u015funlar\u0131 s\u00f6yledi:<\/p>\n\n\n\n<p>\u201cBu \u0130slamc\u0131lar\u0131n eylemlerinden tiksiniyorum, rehin askerleri ba\u015f\u0131n\u0131 kesmek bir su\u00e7tur ve sorumlular hesap vermelidir.<\/p>\n\n\n\n<p>Her g\u00fcn \u0130slamc\u0131 a\u015f\u0131r\u0131l\u0131k yanl\u0131lar\u0131n\u0131n i\u015fledi\u011fi i\u011fren\u00e7 vah\u015fetlere dair daha fazla haber duyuyoruz; uluslararas\u0131 toplum bir araya gelerek buna son vermeli \u2013 bu hayvanlar\u0131n sergiledi\u011fi barbarca ve s\u0131n\u0131rs\u0131z \u015fiddete daha ka\u00e7 insan maruz kalmal\u0131 ki onlar\u0131 durdurmak i\u00e7in bir \u015feyler yap\u0131ls\u0131n.<\/p>\n\n\n\n<p>Bu eylemleri en sert \u015fekilde k\u0131n\u0131yorum.\u201d<\/p>","protected":false},"excerpt":{"rendered":"<p>Syria: Isis Beheads Kurdish Women Soldiers as Battle for Kobani Rages On IBT Militants of the Islamic State (also known as Isis) have beheaded seven men and three women in a Syrian Kurdish area west of Kobani, where a key battle between Kurdish forces and jihadists is being fought. The London-based Syrian Observatory for Human [&hellip;]<\/p>","protected":false},"author":1,"featured_media":1746,"comment_status":"closed","ping_status":"open","sticky":false,"template":"","format":"standard","meta":{"_acf_changed":false,"footnotes":""},"categories":[13],"tags":[],"class_list":["post-6308","post","type-post","status-publish","format-standard","has-post-thumbnail","hentry","category-press-releases"],"acf":[],"_links":{"self":[{"href":"https:\/\/odf-syria.org\/tr\/wp-json\/wp\/v2\/posts\/6308","targetHints":{"allow":["GET"]}}],"collection":[{"href":"https:\/\/odf-syria.org\/tr\/wp-json\/wp\/v2\/posts"}],"about":[{"href":"https:\/\/odf-syria.org\/tr\/wp-json\/wp\/v2\/types\/post"}],"author":[{"embeddable":true,"href":"https:\/\/odf-syria.org\/tr\/wp-json\/wp\/v2\/users\/1"}],"replies":[{"embeddable":true,"href":"https:\/\/odf-syria.org\/tr\/wp-json\/wp\/v2\/comments?post=6308"}],"version-history":[{"count":1,"href":"https:\/\/odf-syria.org\/tr\/wp-json\/wp\/v2\/posts\/6308\/revisions"}],"predecessor-version":[{"id":6311,"href":"https:\/\/odf-syria.org\/tr\/wp-json\/wp\/v2\/posts\/6308\/revisions\/6311"}],"wp:featuredmedia":[{"embeddable":true,"href":"https:\/\/odf-syria.org\/tr\/wp-json\/wp\/v2\/media\/1746"}],"wp:attachment":[{"href":"https:\/\/odf-syria.org\/tr\/wp-json\/wp\/v2\/media?parent=6308"}],"wp:term":[{"taxonomy":"category","embeddable":true,"href":"https:\/\/odf-syria.org\/tr\/wp-json\/wp\/v2\/categories?post=6308"},{"taxonomy":"post_tag","embeddable":true,"href":"https:\/\/odf-syria.org\/tr\/wp-json\/wp\/v2\/tags?post=6308"}],"curies":[{"name":"wp","href":"https:\/\/api.w.org\/{rel}","templated":true}]}}