{"id":6328,"date":"2014-08-27T08:17:00","date_gmt":"2014-08-27T08:17:00","guid":{"rendered":"https:\/\/odf-syria.org\/?p=6328"},"modified":"2025-09-05T11:56:24","modified_gmt":"2025-09-05T11:56:24","slug":"ribal-al-assad-condemns-barbaric-use-of-capital-punishment-in-syria","status":"publish","type":"post","link":"https:\/\/odf-syria.org\/tr\/ribal-al-assad-condemns-barbaric-use-of-capital-punishment-in-syria\/","title":{"rendered":"Ribal El-Esad, Suriye'de idam cezas\u0131n\u0131n barbarca kullan\u0131lmas\u0131n\u0131 k\u0131n\u0131yor"},"content":{"rendered":"<p><strong>BM Paneli, Suriye'deki Kafa Kesmelerinin Art\u0131k Ola\u011fan Hale Geldi\u011fini S\u00f6yledi<\/strong><\/p>\n\n\n\n<p>NEW YORK TIMES<\/p>\n\n\n\n<p>\u0130slamc\u0131 militanlar\u0131n kontrol\u00fcndeki Suriye'nin baz\u0131 b\u00f6lgelerinde kafa kesme gibi halka a\u00e7\u0131k infazlar\u0131n \u201cyayg\u0131n bir g\u00f6steri\u201d haline geldi\u011fi ve oradaki h\u00fck\u00fcmet g\u00fc\u00e7lerinin sivilleri katletmeye ve i\u015fkence etmeye devam etti\u011fi Birle\u015fmi\u015f Milletler'den (BM) bir heyetin \u00c7ar\u015famba g\u00fcn\u00fc yay\u0131nlanan raporunda belirtildi.<\/p>\n\n\n\n<p>\u00dc\u00e7 y\u0131l \u00f6nce kurulan d\u00f6rt \u00fcyeli panelin, \u00fc\u00e7 y\u0131l \u00f6ncesine dayanan sekizinci raporunda belirtti\u011fi \u00fczere, h\u00fck\u00fcmet ile muhalif gruplar aras\u0131nda ba\u015flayan Suriye'deki \u00fc\u00e7 y\u0131ll\u0131k i\u00e7 sava\u015f, say\u0131s\u0131z silahl\u0131 grubun kar\u0131\u015ft\u0131\u011f\u0131, h\u00fck\u00fcmet g\u00fc\u00e7leri ve \u0130slami militanlar\u0131n rutin olarak sava\u015f su\u00e7lar\u0131 ve insanl\u0131\u011fa kar\u015f\u0131 su\u00e7lar i\u015fledi\u011fi \u00e7ok say\u0131da, de\u011fi\u015fken \u00e7at\u0131\u015fmaya d\u00f6n\u00fc\u015fm\u00fc\u015ft\u00fcr.<\/p>\n\n\n\n<p>Heyetin bulgular\u0131na g\u00f6re, h\u00fck\u00fcmet g\u00fc\u00e7leri en stratejik alanlar\u0131n \u00e7o\u011funda \u00f6nemli ilerlemeler kaydetmi\u015fti, ancak \u00e7at\u0131\u015fmadaki en belirgin de\u011fi\u015fiklik, Irak ve Suriye'deki \u0130slam Devleti'nin artan g\u00fcc\u00fcyd\u00fc. Bu \u00f6rg\u00fct, Irak'ta askeri te\u00e7hizat ele ge\u00e7irmi\u015f ve ac\u0131mas\u0131zl\u0131\u011f\u0131n\u0131 temel hizmetlerin ve i\u015flerin sa\u011flanmas\u0131yla birle\u015ftirerek sert y\u00f6netimine kar\u015f\u0131 duyulan ho\u015fnutsuzlu\u011fu azaltmaya yard\u0131mc\u0131 olmu\u015ftur.<\/p>\n\n\n\n<p>\u201cGenel ihlal \u00f6l\u00e7e\u011fi, bunlar\u0131 ger\u00e7ekle\u015ftiren taraflar ne olursa olsun artmaya devam ediyor,\u201d dedi komisyon ba\u015fkan\u0131 Paulo Pinheiro Cenevre'de d\u00fczenledi\u011fi bas\u0131n toplant\u0131s\u0131nda, Birle\u015fmi\u015f Milletler G\u00fcvenlik Konseyi'nde Suriye konusundaki fel\u00e7 durumundan duydu\u011fu hayal k\u0131r\u0131kl\u0131\u011f\u0131n\u0131 dile getirerek. \u201cBu fel\u00e7, bu sava\u015f\u0131n kurbanlar\u0131na ciddi zarar vermekten sorumlu,\u201d diye ekledi.<\/p>\n\n\n\n<p>\u201cH\u00fck\u00fcmet g\u00fc\u00e7leri, 21 Temmuz'da sona eren alt\u0131 ayl\u0131k d\u00f6nemde toplanan tan\u0131kl\u0131klardan yararlanarak, toplu katliamlar ger\u00e7ekle\u015ftirmeye ve sivillere y\u00f6nelik yayg\u0131n sald\u0131r\u0131lar d\u00fczenlemeye, sistematik olarak cinayet, i\u015fkence, tecav\u00fcz ve zorla kaybetme su\u00e7lar\u0131n\u0131 i\u015flemeye devam etti\u201d dedi heyet.<\/p>\n\n\n\n<p>H\u00fck\u00fcmet, her cephede muhalefet g\u00fc\u00e7lerine sald\u0131rmak i\u00e7in yeterli askeri g\u00fcc\u00fc olmayan, bunun yerine silahl\u0131 d\u00fc\u015fman g\u00fc\u00e7lerinin askeri kapasiteleri yerine sivillerin topland\u0131\u011f\u0131 pazar yerleri, d\u00fckkanlar, hastaneler, okullar ve di\u011fer yerleri hedef alarak yo\u011fun hava ve top\u00e7u bombard\u0131man\u0131 kulland\u0131.<\/p>\n\n\n\n<p>Suriye'nin n\u00fckleer cephaneli\u011fini imha etmeyi nisan ay\u0131nda tamamlad\u0131\u011f\u0131 d\u00f6nemde, panel, h\u00fck\u00fcmet helikopterlerinin \u0130dlib ve Hama'daki sivil yerle\u015fim b\u00f6lgelerine varil bombal\u0131 sald\u0131r\u0131larda klor gaz\u0131 kulland\u0131\u011f\u0131na dair inan\u0131l\u0131r kan\u0131tlar buldu\u011funu s\u00f6yledi.<\/p>\n\n\n\n<p>Suriye'nin y\u00fcksek derecede zehirli sarin ve hardal gaz\u0131 stoklar\u0131n\u0131 imha etti\u011fi kimyasal silah s\u00f6zle\u015fmesi kapsam\u0131nda ele al\u0131nmayan yayg\u0131n bir end\u00fcstriyel kimyasal olan klorun, herhangi bir kimyasal ajan\u0131n askeri ama\u00e7larla kullan\u0131lmas\u0131 sava\u015f su\u00e7u oldu\u011fundan, panel s\u00f6z konusu maddeyi bu kapsamda de\u011ferlendirmedi.<\/p>\n\n\n\n<p>Heyet, h\u00fck\u00fcmet d\u0131\u015f\u0131 silahl\u0131 gruplar\u0131n da katliamlar ve sava\u015f su\u00e7lar\u0131 i\u015fledi\u011fini, sivillere kaba top\u00e7u ate\u015fiyle kas\u0131tl\u0131 olarak sald\u0131rd\u0131\u011f\u0131n\u0131, yarg\u0131s\u0131z infaz ve i\u015fkence yapt\u0131\u011f\u0131n\u0131, rehin ald\u0131\u011f\u0131n\u0131 ve sa\u011fl\u0131k, din g\u00f6revlileri ile gazetecileri hedef ald\u0131\u011f\u0131n\u0131 belirtti. Panel \u00fcyeleri, \u015fiddet konusunda I\u015e\u0130D'in tekel hakk\u0131 olmad\u0131\u011f\u0131n\u0131 vurgulayarak, di\u011fer silahl\u0131 gruplar\u0131n da ac\u0131mas\u0131z oldu\u011funu s\u00f6ylediler.<\/p>\n\n\n\n<p>\u201cPanele g\u00f6re, I\u015e\u0130D'in kontrol\u00fcndeki Rakka ve Halep b\u00f6lgelerinde, \u201dCuma g\u00fcnleri halka a\u00e7\u0131k alanlarda infazlar yayg\u0131n bir g\u00f6steri haline geldi.\u2019 Belgede, d\u00fczinelerce belgelenmi\u015f kafa kesme vakas\u0131na at\u0131fta bulunuldu ve I\u015e\u0130D'in sakinleri bunlar\u0131 izlemeye nas\u0131l te\u015fvik etti\u011fi anlat\u0131ld\u0131. Raporda, baz\u0131 kurbanlar\u0131n cesetlerinin g\u00fcnlerce ha\u00e7 \u00fczerinde sergilendi\u011fi ve bunun da sakinlere bir uyar\u0131 niteli\u011fi ta\u015f\u0131d\u0131\u011f\u0131 belirtildi.<\/p>\n\n\n\n<p>Kurbanlar\u0131n \u00e7o\u011fu, di\u011fer silahl\u0131 gruplarla ba\u011flant\u0131l\u0131 olduklar\u0131 veya I\u015e\u0130D'in bir su\u00e7 yasas\u0131n\u0131 ihlal ettikleri su\u00e7lamas\u0131yla kar\u015f\u0131 kar\u015f\u0131ya kalan yeti\u015fkin erkeklerdi, ancak kurbanlar aras\u0131nda nisan ay\u0131nda infaz edilen 18 ya\u015f\u0131n alt\u0131ndaki be\u015f ki\u015fi ve kalabal\u0131klar taraf\u0131ndan ta\u015flanarak \u00f6ld\u00fcr\u00fclen iki kad\u0131n da vard\u0131.<\/p>\n\n\n\n<p>Yetkililer taraf\u0131ndan al\u0131konulanlar ile silahl\u0131 muhalif gruplar taraf\u0131ndan g\u00f6zalt\u0131na al\u0131nanlar i\u015fkence ve zalim muameleye maruz kalm\u0131\u015ft\u0131r. G\u00f6zlem heyeti, h\u00fck\u00fcmetin istihbarat te\u015fkilatlar\u0131n\u0131n \u201con binlerce kurban\u0131 ak\u0131l almaz ac\u0131lara maruz b\u0131rakt\u0131\u011f\u0131n\u0131\u201d s\u00f6yledi. G\u00f6zlem heyeti, h\u00fck\u00fcmet g\u00f6zalt\u0131 merkezlerinde i\u015fkence, a\u00e7l\u0131k veya t\u0131bbi ilgisizlikten \u00f6lenlerin say\u0131s\u0131nda bir art\u0131\u015f oldu\u011funu belirtti.<\/p>\n\n\n\n<p>Aleppo ve Rakka'da \u201chalk meydanlar\u0131 amputasyon, k\u0131rba\u00e7lama ve sahte \u00e7arm\u0131ha germelerin yerini ald\u0131.\u201d Heyet, \u201cdo\u011fru hareket etmeyen\u201d kad\u0131nlar e\u015flik eden erkeklere k\u0131rba\u00e7 vuruldu\u011funu, kad\u0131nlar\u0131n ise bazen I\u015e\u0130D'in kad\u0131n \u00fcyeleri taraf\u0131ndan do\u011fru \u015fekilde \u00f6rt\u00fcnmedikleri i\u00e7in dayak yediklerini s\u00f6yledi.<\/p>\n\n\n\n<p>Bay Pinheiro, \u201cen rahats\u0131z edici geli\u015fmeler aras\u0131nda\u201d, \u00e7o\u011funlukla yakla\u015f\u0131k 14 ya\u015f\u0131nda erkek \u00e7ocuklar\u0131n, bazen de 10 ya\u015f kadar erken ya\u015ftaki \u00e7ocuklar\u0131n silahl\u0131 \u00e7at\u0131\u015fmalar i\u00e7in e\u011fitildi\u011fi b\u00fcy\u00fck I\u015e\u0130D kamplar\u0131n\u0131n kurulmas\u0131n\u0131n bulundu\u011funu s\u00f6yledi.<\/p>\n\n\n\n<p>Bay Pinheiro, Washington'\u0131n Obama'n\u0131n ke\u015fif u\u00e7u\u015flar\u0131na izin vermesinin ard\u0131ndan Suriye'deki hedeflere y\u00f6nelik olas\u0131 sald\u0131r\u0131lar\u0131 de\u011ferlendirdi\u011fine dikkat \u00e7ekerek, \u201cBence Amerika Birle\u015fik Devletleri sava\u015f yasalar\u0131na sayg\u0131 duymal\u0131 ve bu \u00e7ocuklar\u0131n varl\u0131\u011f\u0131 bizi endi\u015felendiriyor.\u201d dedi.\u201d<\/p>\n\n\n\n<p>ODFS Direkt\u00f6r\u00fc Ribal Al-Assad, habere yan\u0131t olarak \u015funlar\u0131 s\u00f6yledi:<\/p>\n\n\n\n<p>\u201cSuriye'deki kitlesel kafa kesmeler de dahil olmak \u00fczere barbarca \u00f6l\u00fcm cezas\u0131 kullan\u0131m\u0131ndan tiksiniyorum.<\/p>\n\n\n\n<p>Bu orta \u00e7a\u011f uygulamalar\u0131n\u0131n g\u00fcn\u00fcm\u00fcz d\u00fcnyas\u0131nda yeri yok ve ait oldu\u011fu yere, tarihin \u00e7\u00f6pl\u00fc\u011f\u00fcne g\u00f6nderilmeli.<\/p>\n\n\n\n<p>Bu vah\u015fi eylemlerin kesinlikle hi\u00e7bir gerek\u00e7esi yoktur ve her g\u00fcn daha da artan yarg\u0131s\u0131z infazlara son vermek i\u00e7in uluslararas\u0131 toplum daha fazlas\u0131n\u0131 yapmal\u0131d\u0131r.<\/p>\n\n\n\n<p>Bu \u0130slamc\u0131lar kana susam\u0131\u015f, sapk\u0131n ideolojilerine inanmayan her insan\u0131 \u00f6ld\u00fcrene kadar durmayacaklar, buna kesinlikle izin veremeyiz. \u0130slamc\u0131l\u0131\u011f\u0131n b\u00f6lgeden tamamen temizlenmesini sa\u011flamal\u0131y\u0131z; bunun g\u00fcn\u00fcm\u00fcz d\u00fcnyas\u0131nda yeri yok.\u201d<\/p>","protected":false},"excerpt":{"rendered":"<p>Beheadings in Syria Now Routine, U.N. Panel Says NEW YORK TIMES Public executions, often beheadings, are becoming a \u201ccommon spectacle\u201d in parts of Syria controlled by Islamic militants, and government forces there continue to massacre and torture civilians, a United Nations panel said in a report released on Wednesday. The three-year civil war in Syria, [&hellip;]<\/p>","protected":false},"author":1,"featured_media":1833,"comment_status":"closed","ping_status":"open","sticky":false,"template":"","format":"standard","meta":{"_acf_changed":false,"footnotes":""},"categories":[13],"tags":[],"class_list":["post-6328","post","type-post","status-publish","format-standard","has-post-thumbnail","hentry","category-press-releases"],"acf":[],"_links":{"self":[{"href":"https:\/\/odf-syria.org\/tr\/wp-json\/wp\/v2\/posts\/6328","targetHints":{"allow":["GET"]}}],"collection":[{"href":"https:\/\/odf-syria.org\/tr\/wp-json\/wp\/v2\/posts"}],"about":[{"href":"https:\/\/odf-syria.org\/tr\/wp-json\/wp\/v2\/types\/post"}],"author":[{"embeddable":true,"href":"https:\/\/odf-syria.org\/tr\/wp-json\/wp\/v2\/users\/1"}],"replies":[{"embeddable":true,"href":"https:\/\/odf-syria.org\/tr\/wp-json\/wp\/v2\/comments?post=6328"}],"version-history":[{"count":1,"href":"https:\/\/odf-syria.org\/tr\/wp-json\/wp\/v2\/posts\/6328\/revisions"}],"predecessor-version":[{"id":6331,"href":"https:\/\/odf-syria.org\/tr\/wp-json\/wp\/v2\/posts\/6328\/revisions\/6331"}],"wp:featuredmedia":[{"embeddable":true,"href":"https:\/\/odf-syria.org\/tr\/wp-json\/wp\/v2\/media\/1833"}],"wp:attachment":[{"href":"https:\/\/odf-syria.org\/tr\/wp-json\/wp\/v2\/media?parent=6328"}],"wp:term":[{"taxonomy":"category","embeddable":true,"href":"https:\/\/odf-syria.org\/tr\/wp-json\/wp\/v2\/categories?post=6328"},{"taxonomy":"post_tag","embeddable":true,"href":"https:\/\/odf-syria.org\/tr\/wp-json\/wp\/v2\/tags?post=6328"}],"curies":[{"name":"wp","href":"https:\/\/api.w.org\/{rel}","templated":true}]}}