{"id":6329,"date":"2014-08-27T08:17:00","date_gmt":"2014-08-27T08:17:00","guid":{"rendered":"https:\/\/odf-syria.org\/?p=6329"},"modified":"2025-09-05T11:56:35","modified_gmt":"2025-09-05T11:56:35","slug":"ribal-al-assad-those-who-commit-war-crimes-in-syria-must-face-justice","status":"publish","type":"post","link":"https:\/\/odf-syria.org\/tr\/ribal-al-assad-those-who-commit-war-crimes-in-syria-must-face-justice\/","title":{"rendered":"Ribal El-Esad; \u201cSuriye'de sava\u015f su\u00e7lar\u0131 i\u015fleyenler adalete teslim edilmeli\u201d"},"content":{"rendered":"<p><strong>Suriye \u00e7at\u0131\u015fmas\u0131: \u0130slam Devleti \u2018sava\u015f su\u00e7lar\u0131 i\u015fledi\u2019<\/strong><\/p>\n\n\n\n<p>BBC HABERLER\u0130<\/p>\n\n\n\n<p>Birle\u015fmi\u015f Milletler (BM), \u0130slam Devleti (\u0130D) militanlar\u0131n\u0131n Suriye'de \u201ckitlesel vah\u015fetler\u201d i\u015fledi\u011fini ve \u00e7ocuklar\u0131 sava\u015f\u00e7\u0131 olarak kulland\u0131\u011f\u0131n\u0131 bildiriyor.<\/p>\n\n\n\n<p>Yetkililer taraf\u0131ndan haz\u0131rlanan bir raporda, soru\u015fturmac\u0131lar, kamuya a\u00e7\u0131k infazlar\u0131n Suriye h\u00fck\u00fcmetine kar\u015f\u0131 sava\u015fan gruplardan biri olan I\u015e\u0130D'in kontrol\u00fcndeki b\u00f6lgelerde \u201cyayg\u0131n bir g\u00f6steri\u201d oldu\u011funu belirtiyor.<\/p>\n\n\n\n<p>Rapor ayr\u0131ca, Suriye yetkililerini bu y\u0131l sekiz ayr\u0131 olayda kimyasal madde kullanmakla su\u00e7luyor.<\/p>\n\n\n\n<p>H\u00fck\u00fcmet g\u00fc\u00e7leri ile \u00e7e\u015fitli isyanc\u0131 gruplar aras\u0131ndaki \u00e7at\u0131\u015fma 2011 y\u0131l\u0131nda ba\u015flad\u0131.<\/p>\n\n\n\n<p>O zamandan bu yana yakla\u015f\u0131k 200.000 ki\u015fi hayat\u0131n\u0131 kaybetti.<\/p>\n\n\n\n<p>\u2018Korkun\u00e7 i\u015fkence\u2019<\/p>\n\n\n\n<p>BM raporu, Suriye h\u00fck\u00fcmetinin ve ona kar\u015f\u0131 sava\u015fan baz\u0131 silahl\u0131 gruplar\u0131n ihlallerini ayr\u0131nt\u0131lar\u0131yla ele al\u0131yor. Raporda, Suriye hava kuvvetlerinin sivil mahallelere varil bombas\u0131 kulland\u0131\u011f\u0131 belirtiliyor.<\/p>\n\n\n\n<p>\u201cAra\u015ft\u0131rmac\u0131lar, \u201dbaz\u0131 vakalarda, sivil toplant\u0131lar\u0131n h\u00fck\u00fcmet g\u00fc\u00e7leri taraf\u0131ndan kas\u0131tl\u0131 olarak hedef al\u0131nd\u0131\u011f\u0131na dair a\u00e7\u0131k kan\u0131tlar var\" dedi.<\/p>\n\n\n\n<p>\u201cH\u00fck\u00fcmet hapishanelerinde g\u00f6zalt\u0131na al\u0131nanlar korkun\u00e7 i\u015fkencelere ve cinsel sald\u0131r\u0131lara maruz kald\u0131.\u201d<\/p>\n\n\n\n<p>Bulgular, Suriye'deki insan haklar\u0131 ihlallerine ili\u015fkin soru\u015fturma kapsam\u0131nda bu y\u0131l\u0131n ocak ve temmuz aylar\u0131 aras\u0131nda yap\u0131lan g\u00f6r\u00fc\u015fmeler ve toplanan delillerin sonucudur.<\/p>\n\n\n\n<p>Cumhurba\u015fkan\u0131 Be\u015far Esad'\u0131n Suriye h\u00fck\u00fcmetince i\u015flendi\u011fi iddia edilen di\u011fer sava\u015f su\u00e7lar\u0131 aras\u0131nda, bu y\u0131l\u0131n nisan ve may\u0131s aylar\u0131nda sekiz ayr\u0131 olayda kimyasal madde olan \u015f\u00fcpheli klor gaz\u0131n\u0131n kullan\u0131lmas\u0131 yer al\u0131yor.<\/p>\n\n\n\n<p>Raporda ele al\u0131nan d\u00f6nem, I\u015e\u0130D'in Suriye'deki b\u00fcy\u00fcmesiyle \u00f6rt\u00fc\u015fmektedir. Grup, Suriye ve Irak'\u0131 kapsayan bir alanda ba\u011f\u0131ms\u0131z bir \u0130slam devleti kurmay\u0131 ama\u00e7lamaktad\u0131r.<\/p>\n\n\n\n<p>B\u00f6lge genelinden cihat\u00e7\u0131lar\u0131n yan\u0131 s\u0131ra \u0130ngiltere ve ABD dahil Bat\u0131l\u0131 \u00fclkelerden sava\u015f\u00e7\u0131lar\u0131 da kendine \u00e7ekmi\u015ftir.<\/p>\n\n\n\n<p>Ge\u00e7en hafta Amerikal\u0131 gazeteci James Foley'nin vah\u015fice \u00f6ld\u00fcr\u00fclmesi, I\u015e\u0130D'in h\u0131zla ilerlemesine daha geni\u015f bir tepki asupra\u0131nda burada d\u00fc\u015f\u00fcnceleri yo\u011funla\u015ft\u0131rd\u0131.<\/p>\n\n\n\n<p>ABD, Irak'taki s\u0131n\u0131rl\u0131 hava sald\u0131r\u0131lar\u0131 kampanyas\u0131n\u0131 geni\u015fletmeyi d\u00fc\u015f\u00fcn\u00fcyor ve en olas\u0131 se\u00e7enek \u00fclkenin kuzeyinde I\u015e\u0130D militanlar\u0131 taraf\u0131ndan ku\u015fat\u0131lan \u015eii T\u00fcrkmenler i\u00e7in bir insani yard\u0131m operasyonu olabilir.<\/p>\n\n\n\n<p>ABD'li casus u\u00e7aklar\u0131, Amerikan ordusunun en \u00fcst d\u00fczey yetkilisinin militan grubun Suriye'deki \u00fcslerine sald\u0131rmadan yenilemeyeceklerini s\u00f6ylemesinin ard\u0131ndan, potansiyel I\u015e\u0130D hedeflerini belirlemek i\u00e7in Suriye \u00fczerinde ke\u015fif u\u00e7u\u015flar\u0131na da ba\u015flad\u0131.<\/p>\n\n\n\n<p>ABD'li yetkililer, Ba\u015fkan Obama'n\u0131n Suriye'ye do\u011frudan askeri m\u00fcdahale yetkisi verip vermedi\u011fine hen\u00fcz karar vermedi\u011fini, bunun \u00f6nemli bir t\u0131rman\u0131\u015f olaca\u011f\u0131n\u0131 s\u00f6yl\u00fcyorlar. Ancak hepsi, Irak ve Suriye'deki I\u015e\u0130D'i k\u00f6k\u00fcnden kaz\u0131maya y\u00f6nelik her t\u00fcrl\u00fc harekat\u0131n uzun ve zorlu olaca\u011f\u0131n\u0131 ve yerel silahl\u0131 kuvvetlere verilen deste\u011fin art\u0131r\u0131lmas\u0131n\u0131n yan\u0131 s\u0131ra siyasi bir \u00e7\u00f6z\u00fcm\u00fcn de gerekece\u011fini vurguluyorlar.<\/p>\n\n\n\n<p>Ayr\u0131ca Obama y\u00f6netiminin harekete ge\u00e7irmeye \u00e7al\u0131\u015ft\u0131\u011f\u0131 Avrupa ve b\u00f6lge \u00fclkelerinden olu\u015fan bir koalisyon taraf\u0131ndan da desteklenmesi gerekecek.<\/p>\n\n\n\n<p>\u00c7ocuk askerleri e\u011fitmek<\/p>\n\n\n\n<p>BM m\u00fcfetti\u015fleri raporlar\u0131nda, I\u015e\u0130D'in kuzey Suriye'de uzuv kesme, halka a\u00e7\u0131k infaz ve k\u0131rba\u00e7lama dahil olmak \u00fczere bir korku kampanyas\u0131 y\u00fcr\u00fctt\u00fc\u011f\u00fcn\u00fc s\u00f6yledi.<\/p>\n\n\n\n<p>\u201cBelgede, \u201d\u00d6ld\u00fcr\u00fclenlerin cesetleri, yerel halk\u0131 ter\u00f6rize etmek i\u00e7in birka\u00e7 g\u00fcn boyunca sergileniyor\" deniyor.<\/p>\n\n\n\n<p>\u201cKad\u0131nlar I\u015e\u0130D\u2019in k\u0131yafet kurallar\u0131na uymad\u0131klar\u0131 i\u00e7in k\u0131rba\u00e7land\u0131. Rakka\u2019da 10 ya\u015f\u0131ndaki \u00e7ocuklar I\u015e\u0130D kamplar\u0131nda askere al\u0131narak e\u011fitiliyor.\u201d<\/p>\n\n\n\n<p>\u00c7ar\u015famba g\u00fcn\u00fc I\u015e\u0130D destek\u00e7ileri, Suriye'nin do\u011fusundaki Rakka yak\u0131nlar\u0131ndaki stratejik Tabka hava \u00fcss\u00fcn\u00fc ele ge\u00e7irmelerinin ard\u0131ndan militanlar\u0131n Suriye ordusu askerlerini infaz etti\u011fini g\u00f6sterdi\u011fi iddia edilen foto\u011fraflar\u0131 payla\u015ft\u0131. Foto\u011fraflar do\u011frulanmad\u0131.<\/p>\n\n\n\n<p>ODFS Direkt\u00f6r\u00fc Ribal Al-Assad, habere yan\u0131t olarak \u015funlar\u0131 s\u00f6yledi:<\/p>\n\n\n\n<p>\u201cSuriye'deki \u0130slami militanlar\u0131n i\u015fledi\u011fi su\u00e7lar\u0131 ayr\u0131nt\u0131l\u0131 olarak anlatan bu son rapor kar\u015f\u0131s\u0131nda deh\u015fete d\u00fc\u015ft\u00fcm, neredeyse insan taraf\u0131ndan i\u015flenebilecek her i\u011fren\u00e7 eylem listelenmi\u015f.<\/p>\n\n\n\n<p>Bu a\u015f\u0131r\u0131l\u0131k yanl\u0131lar\u0131 taraf\u0131ndan i\u015flenen zul\u00fcmlere uluslararas\u0131 toplum ne zaman kay\u0131ts\u0131z kald\u0131? Bir \u015feyler yap\u0131lmadan \u00f6nce daha ka\u00e7 ki\u015fi sakat kalacak, tecav\u00fcze u\u011frayacak, istismar edilecek veya \u00f6ld\u00fcr\u00fclecek?<\/p>\n\n\n\n<p>Bu \u00e7at\u0131\u015fmaya \u015fimdi bir \u00e7\u00f6z\u00fcm bulmam\u0131z gerekiyor, \u00e7\u00fcnk\u00fc daha \u00f6nce de s\u00f6yledi\u011fim gibi, bu, t\u00fcm \u00f6zg\u00fcrl\u00fck ve demokrasiye i\u00e7tenlikle inanan ve buna ba\u011fl\u0131 kalmaya istekli t\u00fcm taraflar\u0131 kapsayan diplomatik bir \u00e7\u00f6z\u00fcm olmal\u0131.<\/p>\n\n\n\n<p>Suriye'de sava\u015f su\u00e7lar\u0131 i\u015fleyen herkesin adalete teslim edilmesini sa\u011flama ihtiyac\u0131 da en az o kadar \u00f6nemlidir, i\u015fledikleri vah\u015fetlerden tamamen sorumlu tutulmalar\u0131 gerekmektedir.<\/p>\n\n\n\n<p>Bu zor zamanda d\u00fc\u015f\u00fcncelerim ve dualar\u0131m Suriye halk\u0131yla birlikte olmaya devam ediyor.\u201d<\/p>","protected":false},"excerpt":{"rendered":"<p>Syria conflict: Islamic State &#8216;committed war crimes&#8217; BBC NEWS Islamic State (IS) militants have committed &#8220;mass atrocities&#8221; in Syria and have recruited children as fighters, the United Nations says. In a report, investigators say public executions are a &#8220;common spectacle&#8221; in areas run by IS, one of the groups fighting against Syria&#8217;s government. The report [&hellip;]<\/p>","protected":false},"author":1,"featured_media":1896,"comment_status":"closed","ping_status":"open","sticky":false,"template":"","format":"standard","meta":{"_acf_changed":false,"footnotes":""},"categories":[13],"tags":[],"class_list":["post-6329","post","type-post","status-publish","format-standard","has-post-thumbnail","hentry","category-press-releases"],"acf":[],"_links":{"self":[{"href":"https:\/\/odf-syria.org\/tr\/wp-json\/wp\/v2\/posts\/6329","targetHints":{"allow":["GET"]}}],"collection":[{"href":"https:\/\/odf-syria.org\/tr\/wp-json\/wp\/v2\/posts"}],"about":[{"href":"https:\/\/odf-syria.org\/tr\/wp-json\/wp\/v2\/types\/post"}],"author":[{"embeddable":true,"href":"https:\/\/odf-syria.org\/tr\/wp-json\/wp\/v2\/users\/1"}],"replies":[{"embeddable":true,"href":"https:\/\/odf-syria.org\/tr\/wp-json\/wp\/v2\/comments?post=6329"}],"version-history":[{"count":1,"href":"https:\/\/odf-syria.org\/tr\/wp-json\/wp\/v2\/posts\/6329\/revisions"}],"predecessor-version":[{"id":6330,"href":"https:\/\/odf-syria.org\/tr\/wp-json\/wp\/v2\/posts\/6329\/revisions\/6330"}],"wp:featuredmedia":[{"embeddable":true,"href":"https:\/\/odf-syria.org\/tr\/wp-json\/wp\/v2\/media\/1896"}],"wp:attachment":[{"href":"https:\/\/odf-syria.org\/tr\/wp-json\/wp\/v2\/media?parent=6329"}],"wp:term":[{"taxonomy":"category","embeddable":true,"href":"https:\/\/odf-syria.org\/tr\/wp-json\/wp\/v2\/categories?post=6329"},{"taxonomy":"post_tag","embeddable":true,"href":"https:\/\/odf-syria.org\/tr\/wp-json\/wp\/v2\/tags?post=6329"}],"curies":[{"name":"wp","href":"https:\/\/api.w.org\/{rel}","templated":true}]}}