{"id":6621,"date":"2013-08-30T15:10:00","date_gmt":"2013-08-30T15:10:00","guid":{"rendered":"https:\/\/odf-syria.org\/?p=6621"},"modified":"2025-09-05T12:23:28","modified_gmt":"2025-09-05T12:23:28","slug":"ribal-al-assad-welcomes-british-house-of-commons-rejection-of-military-strike-against-syria","status":"publish","type":"post","link":"https:\/\/odf-syria.org\/tr\/ribal-al-assad-welcomes-british-house-of-commons-rejection-of-military-strike-against-syria\/","title":{"rendered":"Ribal El-Esed, \u0130ngiliz Avam Kamaras\u0131'n\u0131n Suriye'ye askeri m\u00fcdahale karar\u0131n\u0131 reddetmesini memnuniyetle kar\u015f\u0131l\u0131yor"},"content":{"rendered":"<p>Suriye krizi: Cameron, Suriye'ye m\u00fcdahale oylamas\u0131nda Avam Kamaras\u0131'nda kaybetti<\/p>\n\n\n\n<p>BBC Haber<\/p>\n\n\n\n<p>Milletvekilleri, kimyasal silah kullan\u0131m\u0131n\u0131 cayd\u0131rmak amac\u0131yla Suriye Devlet Ba\u015fkan\u0131 Be\u015far Esad h\u00fck\u00fcmetine kar\u015f\u0131 olas\u0131 askeri eylemi reddetti.<\/p>\n\n\n\n<p>David Cameron, ABD \u00f6nc\u00fcl\u00fc\u011f\u00fcndeki sald\u0131r\u0131lara kat\u0131lmay\u0131 reddederek, h\u00fck\u00fcmetin 285-272 oyla al\u0131nan yenilgisine sayg\u0131 duyaca\u011f\u0131n\u0131 s\u00f6yledi.<\/p>\n\n\n\n<p>ABD, \u201cen yak\u0131n m\u00fcttefiklerimizden ve dostlar\u0131m\u0131zdan biri\u201d olan \u0130ngiltere ile \u201cisti\u015fareye devam edece\u011fini\u201d s\u00f6yledi.<\/p>\n\n\n\n<p>Fransa, Birle\u015fik Krall\u0131k'\u0131n oylamas\u0131n\u0131n Suriye'de hareket etme ihtiyac\u0131na ili\u015fkin kararl\u0131l\u0131\u011f\u0131n\u0131 de\u011fi\u015ftirmedi\u011fini s\u00f6yledi.<\/p>\n\n\n\n<p>Rusya \u2013 Esad h\u00fck\u00fcmetiyle yak\u0131n ba\u011flar\u0131 olan \u2013 \u0130ngiltere'nin askeri m\u00fcdahale reddini memnuniyetle kar\u015f\u0131lad\u0131.<\/p>\n\n\n\n<p>Ba\u015fbakan'\u0131n Suriye'ye askeri m\u00fcdahale \u00e7a\u011fr\u0131s\u0131, 21 A\u011fustos'ta ba\u015fkent \u015eam'\u0131n eteklerinde \u015f\u00fcpheli bir kimyasal silah sald\u0131r\u0131s\u0131n\u0131n ard\u0131ndan geldi ve bu sald\u0131r\u0131da y\u00fczlerce ki\u015finin \u00f6ld\u00fc\u011f\u00fc bildirildi.<\/p>\n\n\n\n<p>ABD ve \u0130ngiltere, Esad h\u00fck\u00fcmetinin sald\u0131r\u0131dan sorumlu oldu\u011funu s\u00f6yl\u00fcyor; \u015eam ise bu iddiay\u0131 reddederek isyanc\u0131lar\u0131 su\u00e7luyor.<\/p>\n\n\n\n<p>Esad, Suriye'nin herhangi bir sald\u0131rganl\u0131\u011fa kar\u015f\u0131 kendisini savunaca\u011f\u0131n\u0131 s\u00f6yledi.<\/p>\n\n\n\n<p>\u2018Zararl\u0131 ili\u015fki\u2019<\/p>\n\n\n\n<p>Birle\u015fik Krall\u0131k h\u00fck\u00fcmetinin \u00f6nerisi, Birle\u015fmi\u015f Milletler silah m\u00fcfetti\u015flerinin sald\u0131r\u0131y\u0131 ara\u015ft\u0131ran bulgular\u0131yla desteklenmesi halinde Suriye'deki askeri eylemleri desteklemek y\u00f6n\u00fcndeydi.<\/p>\n\n\n\n<p>\u00c7al\u0131\u015fmalar\u0131n\u0131 Cuma g\u00fcn\u00fc bitirip \u00f6n bulgular\u0131n\u0131 hafta sonu BM Genel Sekreteri Ban Ki-moon'a sunmalar\u0131 bekleniyor.<\/p>\n\n\n\n<p>Oylaman\u0131n ard\u0131ndan Ba\u015fbakan David Cameron, Parlamento'nun eylem istemedi\u011finin a\u00e7\u0131k oldu\u011funu ve \u201ch\u00fck\u00fcmetin buna g\u00f6re hareket edece\u011fini\u201d s\u00f6yledi.<\/p>\n\n\n\n<p>\u015eans\u00f6lye George Osborne, Radio 4\u2019\u00fcn Today program\u0131na, d\u00fcnyadaki rol\u00fcm\u00fcz hakk\u0131nda \u201culusal bir muhasebe\u201d ya\u015fanaca\u011f\u0131n\u0131 s\u00f6yledi.<\/p>\n\n\n\n<p>\u201cUmar\u0131m bu, t\u00fcm d\u00fcnya sorunlar\u0131na s\u0131rt\u0131m\u0131z\u0131 d\u00f6nd\u00fc\u011f\u00fcm\u00fcz bir an olmaz,\u201d diye ekledi.\u201d<\/p>\n\n\n\n<p>Savunma Bakan\u0131 Philip Hammond, BBC'nin Newsnight program\u0131na yapt\u0131\u011f\u0131 a\u00e7\u0131klamada, kendisinin ve ba\u015fbakan\u0131n sonu\u00e7tan \u201chayal k\u0131r\u0131kl\u0131\u011f\u0131na u\u011frad\u0131\u011f\u0131n\u0131\u201d s\u00f6yledi ve bunun \u0130ngiltere'nin Washington ile olan \u201c\u00f6zel ili\u015fkisine\u201d zarar verece\u011fini belirtti.<\/p>\n\n\n\n<p>Ancak, Britanya'n\u0131n karar\u0131n\u0131n di\u011fer \u00fclkelerin \u201cherhangi bir eylemini durdurmas\u0131n\u0131\u201d beklemedi\u011fini s\u00f6yledi.<\/p>\n\n\n\n<p>\u0130\u015f\u00e7i Partisi lideri Ed Miliband Cuma g\u00fcn\u00fc yapt\u0131\u011f\u0131 a\u00e7\u0131klamada, Avam Kamaras\u0131'n\u0131n \u201cBritanya halk\u0131 ad\u0131na konu\u015ftu\u011funu\u201d s\u00f6yledi.<\/p>\n\n\n\n<p>\u201c\u0130nsanlar Suriye'deki kimyasal silah sald\u0131r\u0131lar\u0131 konusunda derinden endi\u015feli, ancak Irak'tan ders \u00e7\u0131karmam\u0131z\u0131 istiyorlar\u201d dedi.<\/p>\n\n\n\n<p>\u201cSava\u015fa aceleyle girilmesini istemiyorlar. \u0130\u015flerin do\u011fru \u015fekilde, uluslararas\u0131 toplumla i\u015fbirli\u011fi i\u00e7inde yap\u0131lmas\u0131n\u0131 istiyorlar.\u201d<\/p>\n\n\n\n<p>O, Britanya'n\u0131n \u201cpervas\u0131z ve d\u00fc\u015f\u00fcncesiz lidere de\u011fil, sakin ve \u00f6l\u00e7\u00fcl\u00fc lidere ihtiyac\u0131 oldu\u011funu\u201d s\u00f6yledi.<\/p>\n\n\n\n<p>Bay Miliband, oylamaya ra\u011fmen \u0130ngiltere'nin ABD ile olan ili\u015fkisinin \u201cg\u00fc\u00e7l\u00fc kalmaya devam etti\u011fini\u201d s\u00f6yledi. \u0130ngiltere'nin, Amerika'dan farkl\u0131 bir \u015fey yapmas\u0131 gerekse bile, ulusal \u00e7\u0131karlar\u0131 do\u011frultusunda hareket etmesi gerekti\u011fi dersinin \u00e7\u0131kar\u0131ld\u0131\u011f\u0131n\u0131 belirtti.<\/p>\n\n\n\n<p>ODFS Direkt\u00f6r\u00fc Ribal Al-Assad, habere yan\u0131t olarak \u015funlar\u0131 s\u00f6yledi:<\/p>\n\n\n\n<p>\u201cD\u00fcn \u0130ngiliz parlamenterlerin Suriye'ye askeri m\u00fcdahaleyi reddetmesinden memnunum. Bu do\u011fru bir karar ve d\u00fcnk\u00fc tart\u0131\u015fmada endi\u015felerini dile getirenleri takdir ediyorum.<\/p>\n\n\n\n<p>Kimyasal sald\u0131r\u0131 korkun\u00e7 ve i\u011fren\u00e7 bir eylem olsa da, uluslararas\u0131 toplum herhangi bir eylemde bulunmadan \u00f6nce ger\u00e7eklerin do\u011fru tespit edilmesi \u00f6nemlidir. \u015eimdi kimin bu i\u015fin arkas\u0131nda oldu\u011funu belirlemek hayati \u00f6nem ta\u015f\u0131yor ve BM'nin soru\u015fturmas\u0131n\u0131 tamamlamas\u0131na izin verilmelidir.<\/p>\n\n\n\n<p>\u0130ngiliz parlamenterler bunu fark ettiler ve \u00e7at\u0131\u015fmadan geri \u00e7ekilme, diyalo\u011fa dayal\u0131 ve insani bir yakla\u015f\u0131mla krize \u00e7\u00f6z\u00fcm arama tercihleri en iyi eylem yoludur.<\/p>\n\n\n\n<p>Askeri m\u00fcdahale zorluklarla doludur ve b\u00f6yle bir eylem yap\u0131l\u0131rsa Suriye bar\u0131\u015f s\u00fcrecinin gelece\u011fi hakk\u0131nda \u00e7ok ger\u00e7ek endi\u015felere yol a\u00e7ar. Elbette BM G\u00fcvenlik Konseyi'nin onay\u0131 olmadan hi\u00e7bir askeri eylemde bulunulmamal\u0131d\u0131r.<\/p>\n\n\n\n<p>Uluslararas\u0131 toplumun bu noktada do\u011fru kararlar\u0131 almas\u0131 hayati \u00f6nem ta\u015f\u0131yor, Birle\u015fik Krall\u0131k'\u0131n pozisyonu beni rahatlatt\u0131 ve umar\u0131m di\u011fer \u00fclkeler de \u015fimdi ayn\u0131 yolu izler.\u201d<\/p>","protected":false},"excerpt":{"rendered":"<p>Syria crisis: Cameron loses Commons vote on Syria action BBC News MPs have rejected possible UK military action against Syrian President Bashar al-Assad&#8217;s government to deter the use of chemical weapons. David Cameron said he would respect the defeat of a government motion by 285-272, ruling out joining US-led strikes. The US said it would [&hellip;]<\/p>","protected":false},"author":1,"featured_media":2639,"comment_status":"closed","ping_status":"open","sticky":false,"template":"","format":"standard","meta":{"_acf_changed":false,"footnotes":""},"categories":[13],"tags":[],"class_list":["post-6621","post","type-post","status-publish","format-standard","has-post-thumbnail","hentry","category-press-releases"],"acf":[],"_links":{"self":[{"href":"https:\/\/odf-syria.org\/tr\/wp-json\/wp\/v2\/posts\/6621","targetHints":{"allow":["GET"]}}],"collection":[{"href":"https:\/\/odf-syria.org\/tr\/wp-json\/wp\/v2\/posts"}],"about":[{"href":"https:\/\/odf-syria.org\/tr\/wp-json\/wp\/v2\/types\/post"}],"author":[{"embeddable":true,"href":"https:\/\/odf-syria.org\/tr\/wp-json\/wp\/v2\/users\/1"}],"replies":[{"embeddable":true,"href":"https:\/\/odf-syria.org\/tr\/wp-json\/wp\/v2\/comments?post=6621"}],"version-history":[{"count":1,"href":"https:\/\/odf-syria.org\/tr\/wp-json\/wp\/v2\/posts\/6621\/revisions"}],"predecessor-version":[{"id":6628,"href":"https:\/\/odf-syria.org\/tr\/wp-json\/wp\/v2\/posts\/6621\/revisions\/6628"}],"wp:featuredmedia":[{"embeddable":true,"href":"https:\/\/odf-syria.org\/tr\/wp-json\/wp\/v2\/media\/2639"}],"wp:attachment":[{"href":"https:\/\/odf-syria.org\/tr\/wp-json\/wp\/v2\/media?parent=6621"}],"wp:term":[{"taxonomy":"category","embeddable":true,"href":"https:\/\/odf-syria.org\/tr\/wp-json\/wp\/v2\/categories?post=6621"},{"taxonomy":"post_tag","embeddable":true,"href":"https:\/\/odf-syria.org\/tr\/wp-json\/wp\/v2\/tags?post=6621"}],"curies":[{"name":"wp","href":"https:\/\/api.w.org\/{rel}","templated":true}]}}