{"id":6850,"date":"2012-11-30T13:19:00","date_gmt":"2012-11-30T13:19:00","guid":{"rendered":"https:\/\/odf-syria.org\/?p=6850"},"modified":"2025-09-05T13:25:31","modified_gmt":"2025-09-05T13:25:31","slug":"ribal-al-assad-cautions-us-against-recognising-syrian-coalition-as-sole-legitimate-representative-of-the-syrian-people","status":"publish","type":"post","link":"https:\/\/odf-syria.org\/tr\/ribal-al-assad-cautions-us-against-recognising-syrian-coalition-as-sole-legitimate-representative-of-the-syrian-people\/","title":{"rendered":"Ribal El-Esed, ABD'yi Suriye halk\u0131n\u0131n tek me\u015fru temsilcisi olarak Suriye Koalisyonu'nu tan\u0131mas\u0131 konusunda uyard\u0131."},"content":{"rendered":"<p>ABD, Suriye Muhalefetini Tan\u0131maya Y\u00f6neliyor<\/p>\n\n\n\n<p>The New York Times (www.nytimes.com)<\/p>\n\n\n\n<p>29 Kas\u0131m 2012<\/p>\n\n\n\n<p>WASHINGTON \u2014 Amerikal\u0131 yetkililer Per\u015fembe g\u00fcn\u00fc yapt\u0131klar\u0131 a\u00e7\u0131klamada, ABD'nin Suriye muhalefetini, siyasi yap\u0131s\u0131n\u0131 tam olarak geli\u015ftirmesiyle birlikte Suriye halk\u0131n\u0131n me\u015fru temsilcisi olarak tan\u0131ma yolunda ilerledi\u011fini bildirdi.<\/p>\n\n\n\n<p>Grubun tan\u0131nmas\u0131 karar\u0131, D\u0131\u015fi\u015fleri Bakan\u0131 Hillary Rodham Clinton'\u0131n 12 Aral\u0131k'ta Fas'ta kat\u0131lmas\u0131 beklenen, s\u00f6zde Suriye Dostlar\u0131 toplant\u0131s\u0131nda duyurulabilir. Bu, Obama y\u00f6netiminin Be\u015far Esad y\u00f6netimini sona erdirme ve Suriye'yi kas\u0131p kavuran \u015fiddeti durdurma yollar\u0131n\u0131 de\u011ferlendirirken kar\u015f\u0131 kar\u015f\u0131ya oldu\u011fu en acil karard\u0131r.<\/p>\n\n\n\n<p>Ba\u015fkan Obama bu hamleye onay vermemi\u015ftir ve konuya karar verilecek toplant\u0131lar hen\u00fcz yap\u0131lmam\u0131\u015ft\u0131r. Y\u00f6netim i\u00e7indeki tart\u0131\u015fmalar, diplomatik tan\u0131nman\u0131n sonu\u00e7lar\u0131na ili\u015fkin yasal konular, b\u00f6yle bir hamlenin Suriye'de siyasi bir ge\u00e7i\u015f i\u00e7in Rus deste\u011fini kazanma \u00e7abalar\u0131n\u0131 nas\u0131l etkileyebilece\u011fi ve en \u00f6nemlisi muhalefetin durumu hakk\u0131ndad\u0131r.<\/p>\n\n\n\n<p>\u0130ngiltere, Fransa, T\u00fcrkiye ve K\u00f6rfez \u0130\u015fbirli\u011fi Konseyi, ge\u00e7en ay ABD ve di\u011fer uluslar\u0131n \u0131srar\u0131yla Katar'\u0131n Doha kentinde yap\u0131lan ve geni\u015fletilip yeniden yap\u0131land\u0131r\u0131lan muhalefeti \u015fimdiden tan\u0131d\u0131. Muhalefetin resmi ad\u0131 Suriye Devrimci ve Muhalif G\u00fc\u00e7ler Ulusal Koalisyonu'dur.<\/p>\n\n\n\n<p>Hikaye hakk\u0131nda yorum yapan ODFS Direkt\u00f6r\u00fc Ribal Al-Assad \u015funlar\u0131 s\u00f6yledi:<\/p>\n\n\n\n<p>\u201cSuriye Devrimci ve Muhalif G\u00fc\u00e7ler Ulusal Koalisyonu'nun Suriye halk\u0131n\u0131n tek me\u015fru temsilcisi olarak tan\u0131nmas\u0131na kar\u015f\u0131 ABD h\u00fck\u00fcmetini g\u00fc\u00e7l\u00fc bir \u015fekilde uyar\u0131yorum, zira bu kapsay\u0131c\u0131 bir grup de\u011fildir.<\/p>\n\n\n\n<p>\u201cSuriye muhalefetini birle\u015ftirmek \u00fczere Doha, Katar'daki son toplant\u0131dan \u00f6nce, Bakan Clinton \u2018Suriye'nin her kesimine ve her co\u011frafi b\u00f6lgesine hitap eden bir muhalefete ihtiya\u00e7 var\u2019 demi\u015fti. Ancak Doha'daki toplant\u0131ya pek \u00e7ok b\u00fcy\u00fck grup dahil edilmedi. Dahas\u0131, toplant\u0131ya kat\u0131lan gruplar\u0131n se\u00e7ilme s\u00fcreci nas\u0131ld\u0131? Neden ba\u015fkalar\u0131 de\u011fil de onlara \u2018me\u015fruiyet\u2019 tan\u0131n\u0131yor? Dolay\u0131s\u0131yla, yakla\u015f\u0131k 300 ki\u015fiden olu\u015fan bu grubun Suriye halk\u0131n\u0131n tek me\u015fru temsilcisi olamayaca\u011f\u0131 a\u00e7\u0131kt\u0131r. Bu sadece toplant\u0131ya kat\u0131lan gruplar\u0131n bir birle\u015fmesiydi. Bu nas\u0131l ger\u00e7ekten kapsay\u0131c\u0131 ve temsilci olabilir?<\/p>\n\n\n\n<p>\u201cD\u0131\u015flanan ba\u015fl\u0131ca muhalif gruplar Ulusal Koordinasyon Komitesi (UKK), K\u00fcrt Demokratik Birlik Partisi (PYD), Suriye Ulusal Demokratik Konseyi (SNDC), Suriye Devletini \u0130n\u015fa Etme ve Suriye'deki i\u00e7 muhalefetten bir\u00e7ok ba\u015fka grup oldu. Dolay\u0131s\u0131yla Koalisyon, tan\u0131m\u0131 gere\u011fi Suriye'nin her kesimini ve her co\u011frafi b\u00f6lgesini temsil etmemekte veya onlar ad\u0131na konu\u015fmamaktad\u0131r. Bu nedenle g\u00fcvenilir bir muhalefet veya g\u00f6reve haz\u0131r bir h\u00fck\u00fcmet de\u011fildir. Ayr\u0131ca bu koalisyonun \u00fc\u00e7te birinin itibars\u0131zla\u015ft\u0131r\u0131lm\u0131\u015f SKK'dan olu\u015ftu\u011fu da unutulmamal\u0131d\u0131r.<\/p>\n\n\n\n<p>\u2018Suriye Dostlar\u0131\u2019 toplant\u0131lar\u0131, t\u00fcm muhalif gruplar\u0131 i\u00e7ermeli ve demokratik \u00fclkelerde yap\u0131lmal\u0131, bu \u00fclkelerce denetlenmelidir. Orta Do\u011fu'daki diktat\u00f6rl\u00fckler, sadece demokrasi olmamalar\u0131 veya d\u00fcr\u00fcst arabulucu olmamalar\u0131 temeli \u00fczerine, Suriye i\u00e7in demokrasi planlar\u0131n\u0131n arac\u0131l\u0131\u011f\u0131n\u0131 ve denetimini yapmamal\u0131d\u0131r.<\/p>\n\n\n\n<p>\u201cSuriye'nin Dostlar\u0131\u2018 toplant\u0131lar\u0131na kat\u0131lan t\u00fcm taraflar, Suriye'de \u00e7o\u011fulcu temsili bir demokrasiye, \u015fiddetsizli\u011fe, hukukun \u00fcst\u00fcnl\u00fc\u011f\u00fcne, t\u00fcm vatanda\u015flar i\u00e7in temel haklar\u0131n korunmas\u0131 ve te\u015fvik edilmesine, ifade ve \u00f6rg\u00fctlenme \u00f6zg\u00fcrl\u00fc\u011f\u00fcne, din, etnik k\u00f6ken veya cinsiyet ayr\u0131m\u0131 g\u00f6zetmeksizin t\u00fcm vatanda\u015flar\u0131n hukuk \u00f6n\u00fcnde e\u015fitli\u011fine, dini \u00e7o\u011fulculu\u011fa ve Kofi Annan Plan\u0131 ilkelerine, yani \u00e7at\u0131\u015fman\u0131n askerden ar\u0131nd\u0131r\u0131lmas\u0131na, ate\u015fkes, silah ak\u0131\u015f\u0131n\u0131n sona erdirilmesi, diyalog ve Suriye liderli\u011finde bar\u0131\u015f\u00e7\u0131l bir ge\u00e7i\u015fe ba\u011fl\u0131l\u0131klar\u0131n\u0131 imzalamal\u0131d\u0131r.<\/p>\n\n\n\n<p>\u201cSuriye'deki t\u00fcm muhalif gruplar\u0131 kapsay\u0131c\u0131, demokratik ve bar\u0131\u015f\u00e7\u0131l bir ge\u00e7i\u015fin ger\u00e7ekle\u015fmesi i\u00e7in tek bir platformda bir araya getirmeleri konusunda ABD ve AB'ye \u00e7a\u011fr\u0131da bulunuyorum.\u201d<\/p>","protected":false},"excerpt":{"rendered":"<p>U.S. Moves Toward Recognizing Syria\u2019s Opposition The New York Times (www.nytimes.com) 29 November 2012 WASHINGTON \u2014 The United States is moving toward recognizing the Syrian opposition as the legitimate representative of the Syrian people as soon as it fully develops its political structure, American officials said Thursday. A decision to recognize the group could be [&hellip;]<\/p>","protected":false},"author":1,"featured_media":3391,"comment_status":"closed","ping_status":"open","sticky":false,"template":"","format":"standard","meta":{"_acf_changed":false,"footnotes":""},"categories":[13],"tags":[],"class_list":["post-6850","post","type-post","status-publish","format-standard","has-post-thumbnail","hentry","category-press-releases"],"acf":[],"_links":{"self":[{"href":"https:\/\/odf-syria.org\/tr\/wp-json\/wp\/v2\/posts\/6850","targetHints":{"allow":["GET"]}}],"collection":[{"href":"https:\/\/odf-syria.org\/tr\/wp-json\/wp\/v2\/posts"}],"about":[{"href":"https:\/\/odf-syria.org\/tr\/wp-json\/wp\/v2\/types\/post"}],"author":[{"embeddable":true,"href":"https:\/\/odf-syria.org\/tr\/wp-json\/wp\/v2\/users\/1"}],"replies":[{"embeddable":true,"href":"https:\/\/odf-syria.org\/tr\/wp-json\/wp\/v2\/comments?post=6850"}],"version-history":[{"count":1,"href":"https:\/\/odf-syria.org\/tr\/wp-json\/wp\/v2\/posts\/6850\/revisions"}],"predecessor-version":[{"id":6853,"href":"https:\/\/odf-syria.org\/tr\/wp-json\/wp\/v2\/posts\/6850\/revisions\/6853"}],"wp:featuredmedia":[{"embeddable":true,"href":"https:\/\/odf-syria.org\/tr\/wp-json\/wp\/v2\/media\/3391"}],"wp:attachment":[{"href":"https:\/\/odf-syria.org\/tr\/wp-json\/wp\/v2\/media?parent=6850"}],"wp:term":[{"taxonomy":"category","embeddable":true,"href":"https:\/\/odf-syria.org\/tr\/wp-json\/wp\/v2\/categories?post=6850"},{"taxonomy":"post_tag","embeddable":true,"href":"https:\/\/odf-syria.org\/tr\/wp-json\/wp\/v2\/tags?post=6850"}],"curies":[{"name":"wp","href":"https:\/\/api.w.org\/{rel}","templated":true}]}}