{"id":6929,"date":"2012-07-29T14:00:00","date_gmt":"2012-07-29T14:00:00","guid":{"rendered":"https:\/\/odf-syria.org\/?p=6929"},"modified":"2025-09-05T14:21:16","modified_gmt":"2025-09-05T14:21:16","slug":"ribal-al-assad-welcomes-statements-by-ban-ki-moon-and-kofi-annan-calling-for-a-peaceful-transition-in-syria","status":"publish","type":"post","link":"https:\/\/odf-syria.org\/tr\/ribal-al-assad-welcomes-statements-by-ban-ki-moon-and-kofi-annan-calling-for-a-peaceful-transition-in-syria\/","title":{"rendered":"Ribal El-Esed, Suriye'de bar\u0131\u015f\u00e7\u0131l bir ge\u00e7i\u015f \u00e7a\u011fr\u0131s\u0131nda bulunan Ban Ki-moon ve Kofi Annan'\u0131n a\u00e7\u0131klamalar\u0131n\u0131 memnuniyetle kar\u015f\u0131l\u0131yor"},"content":{"rendered":"<p>UN chief Ban urges Syria to halt Aleppo offensive<\/p>\n\n\n\n<p>Source: AFP 27 July 2012<\/p>\n\n\n\n<p>LONDON &#8211; UN Secretary General Ban Ki-moon urged the Assad regime Friday to stop its offensive on Syria\u2019s second city Aleppo, amid fears of an all-out onslaught against rebel forces and civilians.<\/p>\n\n\n\n<p>\u201cI\u2019m seriously concerned by the escalating violence in Aleppo,\u201d Ban said during a visit to London for the Olympic Games. \u201cI urge the Syrian government to halt the offensive.\u201d<\/p>\n\n\n\n<p>\u201cThe violence from both sides must stop for the sake of suffering civilians in Syria,\u201d he added, following a meeting with British Foreign Secretary William Hague.<\/p>\n\n\n\n<p>Annan fears &#8220;imminent battle&#8221; in Syria&#8217;s Aleppo<\/p>\n\n\n\n<p>Source: Reuters 29 July 2012<\/p>\n\n\n\n<p>International mediator Kofi Annan said he feared an &#8220;imminent battle&#8221; for Syria&#8217;s biggest city Aleppo.<\/p>\n\n\n\n<p>Syrian opposition sources said helicopters from President Bashar al-Assad&#8217;s military pounded a rebel-held part of the city on Saturday and armoured units were positioned for an onslaught that could determine its fate.<\/p>\n\n\n\n<p>&#8220;I am concerned about reports of the concentration of troops and heavy weapons around Aleppo, in anticipation of an imminent battle,&#8221; Annan said in a statement.<\/p>\n\n\n\n<p>&#8220;The escalation of the military build-up in Aleppo and the surrounding area is further evidence of the need for the international community to come together to persuade the parties that only a political transition, leading to a political settlement, will resolve this crisis.&#8221;<\/p>\n\n\n\n<p>Hikaye hakk\u0131nda yorum yapan ODFS Direkt\u00f6r\u00fc Ribal Al-Assad \u015funlar\u0131 s\u00f6yledi:<\/p>\n\n\n\n<p>&#8220;I welcome and fully agree with the statements made by Ban Ki-moon and Kofi Annan. It is absolutely vital that the violence from both sides stops for the sake of civilians.<\/p>\n\n\n\n<p>&#8220;It is essential that the Syrian opposition comes onto one platform and unites so it can work towards engaging in dialogue with the regime and forming an inclusive democratic transitional national unity government that represents the diversity of Syrian society. Only a political transition, leading to a political settlement, will avert an all out civil war and resolve this crisis.&#8221;<\/p>","protected":false},"excerpt":{"rendered":"<p>UN chief Ban urges Syria to halt Aleppo offensive Source: AFP 27 July 2012 LONDON &#8211; UN Secretary General Ban Ki-moon urged the Assad regime Friday to stop its offensive on Syria\u2019s second city Aleppo, amid fears of an all-out onslaught against rebel forces and civilians. \u201cI\u2019m seriously concerned by the escalating violence in Aleppo,\u201d [&hellip;]<\/p>","protected":false},"author":1,"featured_media":3849,"comment_status":"closed","ping_status":"open","sticky":false,"template":"","format":"standard","meta":{"_acf_changed":false,"footnotes":""},"categories":[13],"tags":[],"class_list":["post-6929","post","type-post","status-publish","format-standard","has-post-thumbnail","hentry","category-press-releases"],"acf":[],"_links":{"self":[{"href":"https:\/\/odf-syria.org\/tr\/wp-json\/wp\/v2\/posts\/6929","targetHints":{"allow":["GET"]}}],"collection":[{"href":"https:\/\/odf-syria.org\/tr\/wp-json\/wp\/v2\/posts"}],"about":[{"href":"https:\/\/odf-syria.org\/tr\/wp-json\/wp\/v2\/types\/post"}],"author":[{"embeddable":true,"href":"https:\/\/odf-syria.org\/tr\/wp-json\/wp\/v2\/users\/1"}],"replies":[{"embeddable":true,"href":"https:\/\/odf-syria.org\/tr\/wp-json\/wp\/v2\/comments?post=6929"}],"version-history":[{"count":1,"href":"https:\/\/odf-syria.org\/tr\/wp-json\/wp\/v2\/posts\/6929\/revisions"}],"predecessor-version":[{"id":6952,"href":"https:\/\/odf-syria.org\/tr\/wp-json\/wp\/v2\/posts\/6929\/revisions\/6952"}],"wp:featuredmedia":[{"embeddable":true,"href":"https:\/\/odf-syria.org\/tr\/wp-json\/wp\/v2\/media\/3849"}],"wp:attachment":[{"href":"https:\/\/odf-syria.org\/tr\/wp-json\/wp\/v2\/media?parent=6929"}],"wp:term":[{"taxonomy":"category","embeddable":true,"href":"https:\/\/odf-syria.org\/tr\/wp-json\/wp\/v2\/categories?post=6929"},{"taxonomy":"post_tag","embeddable":true,"href":"https:\/\/odf-syria.org\/tr\/wp-json\/wp\/v2\/tags?post=6929"}],"curies":[{"name":"wp","href":"https:\/\/api.w.org\/{rel}","templated":true}]}}